{"id":12295,"date":"2025-10-06T13:47:08","date_gmt":"2025-10-06T11:47:08","guid":{"rendered":"https:\/\/wenet.pl\/blog\/?p=12295"},"modified":"2026-04-28T11:45:25","modified_gmt":"2026-04-28T09:45:25","slug":"od-kiedy-ksef-jest-obowiazkowy-i-dla-kogo-najwazniejsze-informacje","status":"publish","type":"post","link":"https:\/\/wenet.pl\/blog\/od-kiedy-ksef-jest-obowiazkowy-i-dla-kogo-najwazniejsze-informacje\/","title":{"rendered":"Od kiedy KSeF jest obowi\u0105zkowy i dla kogo? Najwa\u017cniejsze informacje"},"content":{"rendered":"\n<figure class=\"wp-block-image size-large\"><img decoding=\"async\" width=\"1200\" height=\"800\" data-src=\"https:\/\/wenet.pl\/blog\/wp-content\/uploads\/2025\/10\/KSeF_najwazniejsze-informacje-min-1200x800.jpg\" alt=\"Obowi\u0105zkowy KSeF dla firm\" class=\"wp-image-12299 colorbox-12295 lazyload\" data-srcset=\"https:\/\/wenet.pl\/blog\/wp-content\/uploads\/2025\/10\/KSeF_najwazniejsze-informacje-min-1200x800.jpg 1200w, https:\/\/wenet.pl\/blog\/wp-content\/uploads\/2025\/10\/KSeF_najwazniejsze-informacje-min-450x300.jpg 450w, https:\/\/wenet.pl\/blog\/wp-content\/uploads\/2025\/10\/KSeF_najwazniejsze-informacje-min-200x133.jpg 200w, https:\/\/wenet.pl\/blog\/wp-content\/uploads\/2025\/10\/KSeF_najwazniejsze-informacje-min-768x512.jpg 768w, https:\/\/wenet.pl\/blog\/wp-content\/uploads\/2025\/10\/KSeF_najwazniejsze-informacje-min-1536x1024.jpg 1536w, https:\/\/wenet.pl\/blog\/wp-content\/uploads\/2025\/10\/KSeF_najwazniejsze-informacje-min-2048x1365.jpg 2048w, https:\/\/wenet.pl\/blog\/wp-content\/uploads\/2025\/10\/KSeF_najwazniejsze-informacje-min-696x464.jpg 696w, https:\/\/wenet.pl\/blog\/wp-content\/uploads\/2025\/10\/KSeF_najwazniejsze-informacje-min-1068x712.jpg 1068w, https:\/\/wenet.pl\/blog\/wp-content\/uploads\/2025\/10\/KSeF_najwazniejsze-informacje-min-630x420.jpg 630w, https:\/\/wenet.pl\/blog\/wp-content\/uploads\/2025\/10\/KSeF_najwazniejsze-informacje-min-1260x840.jpg 1260w, https:\/\/wenet.pl\/blog\/wp-content\/uploads\/2025\/10\/KSeF_najwazniejsze-informacje-min-1920x1280.jpg 1920w\" data-sizes=\"(max-width: 1200px) 100vw, 1200px\" src=\"data:image\/svg+xml;base64,PHN2ZyB3aWR0aD0iMSIgaGVpZ2h0PSIxIiB4bWxucz0iaHR0cDovL3d3dy53My5vcmcvMjAwMC9zdmciPjwvc3ZnPg==\" style=\"--smush-placeholder-width: 1200px; --smush-placeholder-aspect-ratio: 1200\/800;\" \/><\/figure>\n\n\n\n<p><strong>Je\u015bli prowadzisz firm\u0119, doskonale wiesz, jak wiele czasu zajmuje Ci wystawianie faktur i nadz\u00f3r nad ksi\u0119gowo\u015bci\u0105. Od 2026 roku ten proces zmieni si\u0119 diametralnie, poniewa\u017c Krajowy System e-Faktur (KSeF) stanie si\u0119 obowi\u0105zkowy. To oznacza, \u017ce ju\u017c nied\u0142ugo nie b\u0119dziesz m\u00f3g\u0142 wystawi\u0107 wi\u0119kszo\u015bci faktur B2B i B2G (dla instytucji publicznych) inaczej ni\u017c przez ten system. Brzmi jak kolejne zobowi\u0105zanie? Tak, ale je\u015bli podejdziesz do tematu racjonalnie, to mo\u017ce si\u0119 okaza\u0107, \u017ce wdro\u017cenie obowi\u0105zkowego systemu KSeF stanie si\u0119 paradoksalnie najlepsz\u0105 okazj\u0105 do usprawnienia i zautomatyzowania codziennej pracy Twojej firmy. W jaki spos\u00f3b? Przeczytaj o tym w naszym artykule.<\/strong><\/p><div id=\"ez-toc-container\" class=\"ez-toc-v2_0_82_2 counter-hierarchy ez-toc-counter ez-toc-white ez-toc-container-direction\">\n<div class=\"ez-toc-title-container\">\n<p class=\"ez-toc-title\" style=\"cursor:inherit\">Spis tre\u015bci<\/p>\n<span class=\"ez-toc-title-toggle\"><a href=\"#\" class=\"ez-toc-pull-right ez-toc-btn ez-toc-btn-xs ez-toc-btn-default ez-toc-toggle\" aria-label=\"Prze\u0142\u0105cznik Spisu Tre\u015bci\"><span class=\"ez-toc-js-icon-con\"><span class=\"\"><span class=\"eztoc-hide\" style=\"display:none;\">Toggle<\/span><span class=\"ez-toc-icon-toggle-span\"><svg style=\"fill: #0a0a0a;color:#0a0a0a\" xmlns=\"http:\/\/www.w3.org\/2000\/svg\" class=\"list-377408\" width=\"20px\" height=\"20px\" viewBox=\"0 0 24 24\" fill=\"none\"><path d=\"M6 6H4v2h2V6zm14 0H8v2h12V6zM4 11h2v2H4v-2zm16 0H8v2h12v-2zM4 16h2v2H4v-2zm16 0H8v2h12v-2z\" fill=\"currentColor\"><\/path><\/svg><svg style=\"fill: #0a0a0a;color:#0a0a0a\" class=\"arrow-unsorted-368013\" xmlns=\"http:\/\/www.w3.org\/2000\/svg\" width=\"10px\" height=\"10px\" viewBox=\"0 0 24 24\" version=\"1.2\" baseProfile=\"tiny\"><path d=\"M18.2 9.3l-6.2-6.3-6.2 6.3c-.2.2-.3.4-.3.7s.1.5.3.7c.2.2.4.3.7.3h11c.3 0 .5-.1.7-.3.2-.2.3-.5.3-.7s-.1-.5-.3-.7zM5.8 14.7l6.2 6.3 6.2-6.3c.2-.2.3-.5.3-.7s-.1-.5-.3-.7c-.2-.2-.4-.3-.7-.3h-11c-.3 0-.5.1-.7.3-.2.2-.3.5-.3.7s.1.5.3.7z\"\/><\/svg><\/span><\/span><\/span><\/a><\/span><\/div>\n<nav><ul class='ez-toc-list ez-toc-list-level-1 ' ><li class='ez-toc-page-1 ez-toc-heading-level-2'><a class=\"ez-toc-link ez-toc-heading-1\" href=\"https:\/\/wenet.pl\/blog\/od-kiedy-ksef-jest-obowiazkowy-i-dla-kogo-najwazniejsze-informacje\/#KSeF_%E2%80%93_od_kiedy_musisz_zaczac_stosowac\" >KSeF \u2013 od kiedy musisz zacz\u0105\u0107 stosowa\u0107?<\/a><ul class='ez-toc-list-level-3' ><li class='ez-toc-heading-level-3'><a class=\"ez-toc-link ez-toc-heading-2\" href=\"https:\/\/wenet.pl\/blog\/od-kiedy-ksef-jest-obowiazkowy-i-dla-kogo-najwazniejsze-informacje\/#Harmonogram_wdrozenia_obowiazkowego_KSeF\" >Harmonogram wdro\u017cenia obowi\u0105zkowego KSeF<\/a><\/li><\/ul><\/li><li class='ez-toc-page-1 ez-toc-heading-level-2'><a class=\"ez-toc-link ez-toc-heading-3\" href=\"https:\/\/wenet.pl\/blog\/od-kiedy-ksef-jest-obowiazkowy-i-dla-kogo-najwazniejsze-informacje\/#Dodatkowe_kluczowe_daty_techniczne_i_testowe_ktore_musisz_znac\" >Dodatkowe kluczowe daty techniczne i testowe, kt\u00f3re musisz zna\u0107<\/a><ul class='ez-toc-list-level-3' ><li class='ez-toc-heading-level-3'><a class=\"ez-toc-link ez-toc-heading-4\" href=\"https:\/\/wenet.pl\/blog\/od-kiedy-ksef-jest-obowiazkowy-i-dla-kogo-najwazniejsze-informacje\/#Listopad_2025_%E2%80%93_testowa_wersja_Aplikacji_Podatnika_KSeF_20_i_certyfikaty_wystawcy\" >Listopad 2025 \u2013 testowa wersja Aplikacji Podatnika KSeF 2.0 i certyfikaty wystawcy<\/a><\/li><li class='ez-toc-page-1 ez-toc-heading-level-3'><a class=\"ez-toc-link ez-toc-heading-5\" href=\"https:\/\/wenet.pl\/blog\/od-kiedy-ksef-jest-obowiazkowy-i-dla-kogo-najwazniejsze-informacje\/#Rok_2026_%E2%80%93_okres_przejsciowy_i_lagodniejsze_podejscie_do_kar\" >Rok 2026 \u2013 okres przej\u015bciowy i \u0142agodniejsze podej\u015bcie do kar<\/a><\/li><\/ul><\/li><li class='ez-toc-page-1 ez-toc-heading-level-2'><a class=\"ez-toc-link ez-toc-heading-6\" href=\"https:\/\/wenet.pl\/blog\/od-kiedy-ksef-jest-obowiazkowy-i-dla-kogo-najwazniejsze-informacje\/#Kiedy_rozpoczac_przygotowania_do_wystawiania_faktur_KSeF\" >Kiedy rozpocz\u0105\u0107 przygotowania do wystawiania faktur KSeF?<\/a><\/li><li class='ez-toc-page-1 ez-toc-heading-level-2'><a class=\"ez-toc-link ez-toc-heading-7\" href=\"https:\/\/wenet.pl\/blog\/od-kiedy-ksef-jest-obowiazkowy-i-dla-kogo-najwazniejsze-informacje\/#Kogo_dotyczy_obowiazkowy_KSeF\" >Kogo dotyczy obowi\u0105zkowy KSeF?<\/a><\/li><li class='ez-toc-page-1 ez-toc-heading-level-2'><a class=\"ez-toc-link ez-toc-heading-8\" href=\"https:\/\/wenet.pl\/blog\/od-kiedy-ksef-jest-obowiazkowy-i-dla-kogo-najwazniejsze-informacje\/#Jak_dziala_KSeF_%E2%80%93_co_zmieni_sie_w_Twoim_codziennym_procesie_fakturowania\" >Jak dzia\u0142a KSeF \u2013 co zmieni si\u0119 w Twoim codziennym procesie fakturowania?<\/a><ul class='ez-toc-list-level-3' ><li class='ez-toc-heading-level-3'><a class=\"ez-toc-link ez-toc-heading-9\" href=\"https:\/\/wenet.pl\/blog\/od-kiedy-ksef-jest-obowiazkowy-i-dla-kogo-najwazniejsze-informacje\/#Definicje_i_podstawowe_zasady_wystawiania_faktur_w_KSeF\" >Definicje i podstawowe zasady wystawiania faktur w KSeF<\/a><\/li><li class='ez-toc-page-1 ez-toc-heading-level-3'><a class=\"ez-toc-link ez-toc-heading-10\" href=\"https:\/\/wenet.pl\/blog\/od-kiedy-ksef-jest-obowiazkowy-i-dla-kogo-najwazniejsze-informacje\/#Jak_korzystac_z_KSeF_Przewodnik_po_aplikacjach_i_integracji_z_systemem_faktur_elektronicznych\" >Jak korzysta\u0107 z KSeF? Przewodnik po aplikacjach i integracji z systemem faktur elektronicznych<\/a><\/li><li class='ez-toc-page-1 ez-toc-heading-level-3'><a class=\"ez-toc-link ez-toc-heading-11\" href=\"https:\/\/wenet.pl\/blog\/od-kiedy-ksef-jest-obowiazkowy-i-dla-kogo-najwazniejsze-informacje\/#Dzialanie_KSeF_okazja_do_cyfrowej_transformacji_Twojej_firmy\" >Dzia\u0142anie KSeF okazj\u0105 do cyfrowej transformacji Twojej firmy<\/a><\/li><\/ul><\/li><li class='ez-toc-page-1 ez-toc-heading-level-2'><a class=\"ez-toc-link ez-toc-heading-12\" href=\"https:\/\/wenet.pl\/blog\/od-kiedy-ksef-jest-obowiazkowy-i-dla-kogo-najwazniejsze-informacje\/#Jak_wdrozyc_KSeF_w_Twojej_firmie_%E2%80%94_krok_po_kroku\" >Jak wdro\u017cy\u0107 KSeF w Twojej firmie \u2014 krok po kroku<\/a><ul class='ez-toc-list-level-3' ><li class='ez-toc-heading-level-3'><a class=\"ez-toc-link ez-toc-heading-13\" href=\"https:\/\/wenet.pl\/blog\/od-kiedy-ksef-jest-obowiazkowy-i-dla-kogo-najwazniejsze-informacje\/#Harmonogram_wdrozenia_KSeF_i_dzialan_dla_przedsiebiorcy_MSP\" >Harmonogram wdro\u017cenia KSeF i dzia\u0142a\u0144 dla przedsi\u0119biorcy M\u015aP<\/a><\/li><\/ul><\/li><li class='ez-toc-page-1 ez-toc-heading-level-2'><a class=\"ez-toc-link ez-toc-heading-14\" href=\"https:\/\/wenet.pl\/blog\/od-kiedy-ksef-jest-obowiazkowy-i-dla-kogo-najwazniejsze-informacje\/#Co_grozi_za_wystawienie_faktury_z_pominieciem_systemu_KSeF\" >Co grozi za wystawienie faktury z pomini\u0119ciem systemu KSeF?<\/a><\/li><li class='ez-toc-page-1 ez-toc-heading-level-2'><a class=\"ez-toc-link ez-toc-heading-15\" href=\"https:\/\/wenet.pl\/blog\/od-kiedy-ksef-jest-obowiazkowy-i-dla-kogo-najwazniejsze-informacje\/#Podsumowanie_i_konkretny_plan_na_teraz\" >Podsumowanie i konkretny plan na teraz<\/a><\/li><li class='ez-toc-page-1 ez-toc-heading-level-2'><a class=\"ez-toc-link ez-toc-heading-16\" href=\"https:\/\/wenet.pl\/blog\/od-kiedy-ksef-jest-obowiazkowy-i-dla-kogo-najwazniejsze-informacje\/#FAQ_%E2%80%93_Pytania_i_odpowiedzi\" >FAQ &#8211; Pytania i odpowiedzi<\/a><ul class='ez-toc-list-level-3' ><li class='ez-toc-heading-level-3'><a class=\"ez-toc-link ez-toc-heading-17\" href=\"https:\/\/wenet.pl\/blog\/od-kiedy-ksef-jest-obowiazkowy-i-dla-kogo-najwazniejsze-informacje\/#Kto_bedzie_zobowiazany_do_korzystania_z_KSeF_w_pierwszej_kolejnosci\" >Kto b\u0119dzie zobowi\u0105zany do korzystania z KSeF w pierwszej kolejno\u015bci?<\/a><\/li><li class='ez-toc-page-1 ez-toc-heading-level-3'><a class=\"ez-toc-link ez-toc-heading-18\" href=\"https:\/\/wenet.pl\/blog\/od-kiedy-ksef-jest-obowiazkowy-i-dla-kogo-najwazniejsze-informacje\/#Czy_obowiazkowy_KSeF_dotyczy_wszystkich_przedsiebiorcow\" >Czy obowi\u0105zkowy KSeF dotyczy wszystkich przedsi\u0119biorc\u00f3w?<\/a><\/li><li class='ez-toc-page-1 ez-toc-heading-level-3'><a class=\"ez-toc-link ez-toc-heading-19\" href=\"https:\/\/wenet.pl\/blog\/od-kiedy-ksef-jest-obowiazkowy-i-dla-kogo-najwazniejsze-informacje\/#Od_kiedy_KSeF_dla_najmniejszych_podatnikow_i_mikroprzedsiebiorcow\" >Od kiedy KSeF dla najmniejszych podatnik\u00f3w i mikroprzedsi\u0119biorc\u00f3w?<\/a><\/li><li class='ez-toc-page-1 ez-toc-heading-level-3'><a class=\"ez-toc-link ez-toc-heading-20\" href=\"https:\/\/wenet.pl\/blog\/od-kiedy-ksef-jest-obowiazkowy-i-dla-kogo-najwazniejsze-informacje\/#Jakie_sa_konsekwencje_braku_wdrozenia_KSeF_w_terminie\" >Jakie s\u0105 konsekwencje braku wdro\u017cenia KSeF w terminie?<\/a><\/li><li class='ez-toc-page-1 ez-toc-heading-level-3'><a class=\"ez-toc-link ez-toc-heading-21\" href=\"https:\/\/wenet.pl\/blog\/od-kiedy-ksef-jest-obowiazkowy-i-dla-kogo-najwazniejsze-informacje\/#Czy_sa_wyjatki_od_obowiazku_korzystania_z_KSeF\" >Czy s\u0105 wyj\u0105tki od obowi\u0105zku korzystania z KSeF?<\/a><\/li><\/ul><\/li><\/ul><\/nav><\/div>\n\n\n\n\n<h2 class=\"wp-block-heading\"><span class=\"ez-toc-section\" id=\"KSeF_%E2%80%93_od_kiedy_musisz_zaczac_stosowac\"><\/span>KSeF \u2013 od kiedy musisz zacz\u0105\u0107 stosowa\u0107?<span class=\"ez-toc-section-end\"><\/span><\/h2>\n\n\n\n<p>Do tej pory Krajowy System e-Faktur (KSeF) dzia\u0142a\u0142 w modelu dobrowolnym \u2014 mog\u0142e\u015b ju\u017c wystawia\u0107 faktury ustrukturyzowane, ale nie by\u0142e\u015b do tego zmuszony. Teraz jednak nadchodzi moment, w kt\u00f3rym dla Ciebie, jako przedsi\u0119biorcy, KSeF stanie si\u0119 obowi\u0105zkowy. Oznacza to, \u017ce nie b\u0119dziesz m\u00f3g\u0142 ju\u017c wystawia\u0107 faktur B2B (mi\u0119dzy przedsi\u0119biorcami) i B2G (dla jednostek publicznych) wed\u0142ug starych metod (PDF, Excel, papier) bez powi\u0105zania z systemem. Pami\u0119taj, \u017ce faktury wystawiane na rzecz konsument\u00f3w (B2C) s\u0105 z obowi\u0105zku KSeF wy\u0142\u0105czone.<br><\/p>\n\n\n\n<figure class=\"wp-block-embed is-type-video is-provider-youtube wp-block-embed-youtube wp-embed-aspect-16-9 wp-has-aspect-ratio\"><div class=\"wp-block-embed__wrapper\">\n<span class=\"embed-youtube\" style=\"text-align:center; display: block;\"><iframe class=\"youtube-player lazyload\" width=\"696\" height=\"392\" data-src=\"https:\/\/www.youtube.com\/embed\/2hirab1ktxY?version=3&#038;rel=1&#038;showsearch=0&#038;showinfo=1&#038;iv_load_policy=1&#038;fs=1&#038;hl=pl-PL&#038;autohide=2&#038;wmode=transparent\" allowfullscreen=\"true\" style=\"border:0;\" sandbox=\"allow-scripts allow-same-origin allow-popups allow-presentation allow-popups-to-escape-sandbox\" src=\"data:image\/svg+xml;base64,PHN2ZyB3aWR0aD0iMSIgaGVpZ2h0PSIxIiB4bWxucz0iaHR0cDovL3d3dy53My5vcmcvMjAwMC9zdmciPjwvc3ZnPg==\" data-load-mode=\"1\"><\/iframe><\/span>\n<\/div><\/figure>\n\n\n\n<h3 class=\"wp-block-heading\"><span class=\"ez-toc-section\" id=\"Harmonogram_wdrozenia_obowiazkowego_KSeF\"><\/span>Harmonogram wdro\u017cenia obowi\u0105zkowego KSeF<span class=\"ez-toc-section-end\"><\/span><\/h3>\n\n\n\n<p>Musisz przygotowa\u0107 si\u0119 na to, \u017ce <strong>obowi\u0105zkowy KSeF stanie si\u0119 faktem<\/strong> <strong>ju\u017c w 2026 roku<\/strong>. Harmonogram wdro\u017cenia KSeF przewiduje, \u017ce od okre\u015blonej daty wszystkie faktury sprzeda\u017cowe B2B (mi\u0119dzy przedsi\u0119biorcami) oraz B2G (dla jednostek publicznych), z wy\u0142\u0105czeniem B2C, faktur uproszczonych i specyficznych faktur zagranicznych, b\u0119d\u0105 musia\u0142y by\u0107 wystawiane w systemie. Data wej\u015bcia obowi\u0105zku zale\u017cy od grupy, do kt\u00f3rej nale\u017cysz \u2014 nie wszyscy wchodz\u0105 w KSeF tego samego dnia.<\/p>\n\n\n\n<p>Poni\u017cej znajdziesz <strong>dok\u0142adny harmonogram obowi\u0105zkowego stosowania KSeF*<\/strong>, kt\u00f3ry poka\u017ce Ci, kiedy musisz mie\u0107 wszystko gotowe:<\/p>\n\n\n\n<figure class=\"wp-block-table\"><table class=\"has-fixed-layout\"><tbody><tr><th>Grupa przedsi\u0119biorc\u00f3w \/ sytuacja<\/th><th>Data wej\u015bcia obowi\u0105zku KSeF<\/th><th>Uwagi i zakres obowi\u0105zku<\/th><\/tr><tr><td>Podatnicy, kt\u00f3rzy osi\u0105gn\u0119li obr\u00f3t brutto z VAT w 2025 r. powy\u017cej 200 mln z\u0142<\/td><td><strong>1 lutego 2026 r.<\/strong><\/td><td>Od tej daty musisz wystawia\u0107 wszystkie faktury VAT w systemie KSeF.<\/td><\/tr><tr><td>Pozostali czynni podatnicy VAT i podatnicy zwolnieni z VAT<\/td><td><strong>1 kwietnia 2026 r.<\/strong><\/td><td>Od tej daty wszyscy podatnicy \u2014 niezale\u017cnie od wielko\u015bci (z wyj\u0105tkiem najmniejszych, &#8220;wykluczonych cyfrowo&#8221; i wystawiaj\u0105cych faktury uproszczone\/paragony z NIP do 31.12.2026 r.) \u2014 musz\u0105 wystawia\u0107 faktury przez KSeF.<\/td><\/tr><tr><td>Przedsi\u0119biorcy \u201ewykluczeni cyfrowo\u201d (najmniejsze podmioty)<\/td><td><strong>1 stycznia 2027 r.<\/strong><\/td><td>Je\u017celi Twoja firma spe\u0142nia warunki \u201ewykluczenia cyfrowego\u201d (sprzeda\u017c B2B o \u0142\u0105cznej warto\u015bci do 10 tys. z\u0142 miesi\u0119cznie w okresie od 01.04.2026 do 31.12.2026 r.), obowi\u0105zek wchodzenia w KSeF nast\u0105pi p\u00f3\u017aniej. Ponadto, mo\u017cliwo\u015b\u0107 wystawiania faktur uproszczonych (paragon\u00f3w z NIP do 450 z\u0142) poza KSeF obowi\u0105zuje do 31 grudnia 2026 r.<\/td><\/tr><\/tbody><\/table><\/figure>\n\n\n\n<p>\u0179r\u00f3d\u0142o: Opracowanie w\u0142asne na podstawie KSeF.<\/p>\n\n\n\n<p>*Harmonogram podlega zmianom legislacyjnym.<\/p>\n\n\n\n<p>Od tych istotnych termin\u00f3w obowi\u0105zek wystawiania faktur dotyczy\u0142 b\u0119dzie ka\u017cdej sprzeda\u017cy B2B i B2G, kt\u00f3ra podlega VAT w Polsce, a faktury zostan\u0105 wystawione tylko elektronicznie. Ponadto, ka\u017cda faktura otrzyma unikalny numer KSeF i zostanie przechowana w bazie Ministerstwa Finans\u00f3w.<a href=\"https:\/\/hubspot-cta-redirect-eu1-prod.s3.amazonaws.com\/cta\/redirect\/25646044\/165b959f-faf5-4b94-9aa0-5f799fd65f78\"><\/a><\/p>\n\n\n\n<!--HubSpot Call-to-Action Code --><span class=\"hs-cta-wrapper\" id=\"hs-cta-wrapper-165b959f-faf5-4b94-9aa0-5f799fd65f78\"><span class=\"hs-cta-node hs-cta-165b959f-faf5-4b94-9aa0-5f799fd65f78\" id=\"hs-cta-165b959f-faf5-4b94-9aa0-5f799fd65f78\"><!--[if lte IE 8]><div id=\"hs-cta-ie-element\"><\/div><![endif]--><a href=\"https:\/\/hubspot-cta-redirect-eu1-prod.s3.amazonaws.com\/cta\/redirect\/25646044\/165b959f-faf5-4b94-9aa0-5f799fd65f78\" ><img decoding=\"async\" class=\"hs-cta-img colorbox-12295 lazyload\" id=\"hs-cta-img-165b959f-faf5-4b94-9aa0-5f799fd65f78\" style=\"border-width:0px;\" data-src=\"https:\/\/hubspot-no-cache-eu1-prod.s3.amazonaws.com\/cta\/default\/25646044\/165b959f-faf5-4b94-9aa0-5f799fd65f78.png\"  alt=\"Do\u0142\u0105cz do newslettera\" src=\"data:image\/svg+xml;base64,PHN2ZyB3aWR0aD0iMSIgaGVpZ2h0PSIxIiB4bWxucz0iaHR0cDovL3d3dy53My5vcmcvMjAwMC9zdmciPjwvc3ZnPg==\" \/><\/a><\/span><script charset=\"utf-8\" src=\"https:\/\/js-eu1.hscta.net\/cta\/current.js\"><\/script><script type=\"text\/javascript\"> hbspt.cta.load(25646044, '165b959f-faf5-4b94-9aa0-5f799fd65f78', {\"useNewLoader\":\"true\",\"region\":\"eu1\"}); <\/script><\/span><!-- end HubSpot Call-to-Action Code -->\n\n\n\n<h2 class=\"wp-block-heading\"><span class=\"ez-toc-section\" id=\"Dodatkowe_kluczowe_daty_techniczne_i_testowe_ktore_musisz_znac\"><\/span>Dodatkowe kluczowe daty techniczne i testowe, kt\u00f3re musisz zna\u0107<span class=\"ez-toc-section-end\"><\/span><\/h2>\n\n\n\n<p>Opr\u00f3cz terminarzu, kt\u00f3ry wskazuje na grupy obj\u0119te obowi\u0105zkiem KSeF, jest kilka innych wa\u017cnych dat, na kt\u00f3re warto zwr\u00f3ci\u0107 uwag\u0119, aby odpowiednio przygotowa\u0107 si\u0119 do elektronicznego wystawiania faktur. Pierwsza z nich ju\u017c za nami.<\/p>\n\n\n\n<p>30 wrze\u015bnia 2025 r. Ministerstwo Finans\u00f3w udost\u0119pni\u0142o nowy interfejs API KSeF 2.0, czyli pro\u015bciej m\u00f3wi\u0105c specjalny \u201e\u0142\u0105cznik\u201d, dzi\u0119ki kt\u00f3remu Tw\u00f3j program do faktur (np. Firmao) b\u0119dzie m\u00f3g\u0142 komunikowa\u0107 si\u0119 z KSeF \u2013 wysy\u0142a\u0107 do niego faktury, odbiera\u0107 statusy, pobiera\u0107 dokumenty. To oznacza, \u017ce je\u015bli posiadasz ju\u017c program do wystawiania faktur przez internet, to mo\u017cesz skontaktowa\u0107 si\u0119 ze swoim dostawc\u0105 systemu faktur, aby ten sprawdzi\u0142, czy dzia\u0142a na nowym API. Dzi\u0119ki temu zyskasz pewno\u015b\u0107, \u017ce zanim KSeF stanie si\u0119 obowi\u0105zkowy, Tw\u00f3j program b\u0119dzie gotowy, a Ty nie b\u0119dziesz musia\u0142 martwi\u0107 si\u0119 o b\u0142\u0119dy czy przestoje.<\/p>\n\n\n\n<h3 class=\"wp-block-heading\"><span class=\"ez-toc-section\" id=\"Listopad_2025_%E2%80%93_testowa_wersja_Aplikacji_Podatnika_KSeF_20_i_certyfikaty_wystawcy\"><\/span>Listopad 2025 \u2013 testowa wersja Aplikacji Podatnika KSeF 2.0 i certyfikaty wystawcy<span class=\"ez-toc-section-end\"><\/span><\/h3>\n\n\n\n<p>Z kolei ju\u017c niebawem, bo w listopadzie 2025 r. Ministerstwo udost\u0119pni Aplikacj\u0119 Podatnika KSeF 2.0. To taka bezp\u0142atna aplikacja online, dzi\u0119ki kt\u00f3rej samodzielnie mo\u017cesz zalogowa\u0107 si\u0119 do KSeF, wystawi\u0107 faktur\u0119 czy sprawdzi\u0107 dokumenty. Co wi\u0119cej \u2013 w tym czasie rusza mo\u017cliwo\u015b\u0107 uzyskania token\u00f3w lub certyfikatu wystawcy faktury. To specjalny klucz elektroniczny (co\u015b jak podpis cyfrowy), kt\u00f3ry b\u0119dzie Ci potrzebny, je\u015bli:<\/p>\n\n\n\n<ul class=\"wp-block-list\">\n<li>wystawiasz faktury w trybie awaryjnym (np. gdy system nie dzia\u0142a lub nie masz internetu),<\/li>\n\n\n\n<li>korzystasz z trybu offline24 \u2013 czyli sytuacji, w kt\u00f3rej faktura wystawiona w trybie offline jest poza systemem, ale musisz j\u0105 wprowadzi\u0107 do KSeF nie p\u00f3\u017aniej ni\u017c w nast\u0119pnym dniu roboczym po dniu jej wystawienia.<\/li>\n<\/ul>\n\n\n\n<p>Od 1 listopada Ty lub Twoja ksi\u0119gowa mo\u017cecie ju\u017c sk\u0142ada\u0107 wnioski o token lub certyfikat wystawcy faktury. W praktyce to b\u0119dzie Twoja \u201eprzepustka bezpiecze\u0144stwa\u201d w KSeF. Dzi\u0119ki temu:<\/p>\n\n\n\n<ul class=\"wp-block-list\">\n<li>mo\u017cesz wystawia\u0107 faktury nawet wtedy, gdy KSeF jest chwilowo niedost\u0119pny,<\/li>\n\n\n\n<li>masz pewno\u015b\u0107, \u017ce faktura jest poprawnie uwierzytelniona i zaakceptowana w systemie,<\/li>\n\n\n\n<li>Twoja firma nie zatrzyma si\u0119 w razie problem\u00f3w technicznych.<\/li>\n<\/ul>\n\n\n\n<h3 class=\"wp-block-heading\"><span class=\"ez-toc-section\" id=\"Rok_2026_%E2%80%93_okres_przejsciowy_i_lagodniejsze_podejscie_do_kar\"><\/span>Rok 2026 \u2013 okres przej\u015bciowy i \u0142agodniejsze podej\u015bcie do kar<span class=\"ez-toc-section-end\"><\/span><\/h3>\n\n\n\n<p>Rz\u0105d przewidzia\u0142 ca\u0142y 2026 rok jako czas przej\u015bciowy. Co to oznacza dla Ciebie?<\/p>\n\n\n\n<ul class=\"wp-block-list\">\n<li>Je\u015bli pope\u0142nisz b\u0142\u0119dy przy wystawianiu faktur w KSeF lub wystawisz faktur\u0119 z pomini\u0119ciem systemu, nie b\u0119d\u0105 nak\u0142adane kary finansowe.<\/li>\n\n\n\n<li>To daje Ci bezpieczn\u0105 przestrze\u0144 na nauk\u0119 i przyzwyczajenie zespo\u0142u do nowego systemu.<\/li>\n\n\n\n<li>Od 2027 roku KSeF b\u0119dzie ju\u017c w pe\u0142ni obowi\u0105zkowy i wtedy za b\u0142\u0119dy mog\u0105 by\u0107 nak\u0142adane sankcje.<\/li>\n<\/ul>\n\n\n\n<h2 class=\"wp-block-heading\"><span class=\"ez-toc-section\" id=\"Kiedy_rozpoczac_przygotowania_do_wystawiania_faktur_KSeF\"><\/span>Kiedy rozpocz\u0105\u0107 przygotowania do wystawiania faktur KSeF?<span class=\"ez-toc-section-end\"><\/span><\/h2>\n\n\n\n<p>W kontek\u015bcie powy\u017cszego terminarzu, tegoroczna jesie\u0144 2025 to moment, kiedy Twoje oprogramowanie i zesp\u00f3\u0142 powinny ju\u017c zacz\u0105\u0107 testowa\u0107 KSeF, a rok 2026 to czas, \u017ceby bezpiecznie wdro\u017cy\u0107 go w Twojej firmie i dzia\u0142a\u0107 ju\u017c zgodnie z przepisami.<\/p>\n\n\n\n<p>Nie odk\u0142adaj przygotowa\u0144 na p\u00f3\u017aniej, bo dzia\u0142anie KSeF powinno by\u0107 dla Ciebie jasne ju\u017c na obecnym etapie. A je\u015bli nie jest, to pami\u0119taj, \u017ce nie musisz radzi\u0107 sobie z tym sam. Firmao, partner WeNet, oferuje gotowy system fakturowania zgodny z KSeF i wsparcie ekspert\u00f3w, kt\u00f3rzy przeprowadz\u0105 Ci\u0119 przez ka\u017cdy etap wdro\u017cenia. <a href=\"https:\/\/firmao.pl\/program-do-wystawiania-faktur.php\">Program do wystawiania faktur Firmao<\/a> dzia\u0142a w pe\u0142nej integracji z KSeF i zapewni Ci zgodno\u015b\u0107 z przepisami ju\u017c od pierwszego dnia obowi\u0105zku wystawiania faktur elektronicznych. Wystarczy wypr\u00f3bowa\u0107 <a target=\"_blank\" rel=\"noreferrer noopener\" href=\"https:\/\/firmao.pl\/\">bezp\u0142atnie demo Fakturowanie Firmao<\/a>, aby przekona\u0107 si\u0119, \u017ce elektroniczne faktury ustrukturyzowane nie s\u0105 a\u017c tak skomplikowane, jak cz\u0119sto s\u0105 przedstawiane.<\/p>\n\n\n\n<h2 class=\"wp-block-heading\"><span class=\"ez-toc-section\" id=\"Kogo_dotyczy_obowiazkowy_KSeF\"><\/span>Kogo dotyczy obowi\u0105zkowy KSeF?<span class=\"ez-toc-section-end\"><\/span><\/h2>\n\n\n\n<p><strong>Je\u017celi jeste\u015b czynnym podatnikiem VAT<\/strong> \u2013 <strong>KSeF dotyczy Ciebie bez wyj\u0105tku, <\/strong>o ile wystawiasz faktury B2B lub B2G. Nie ma znaczenia, czy prowadzisz jednoosobow\u0105 dzia\u0142alno\u015b\u0107 gospodarcz\u0105 i wystawiasz kilka faktur miesi\u0119cznie, czy zarz\u0105dzasz sp\u00f3\u0142k\u0105, kt\u00f3ra co miesi\u0105c generuje tysi\u0105ce dokument\u00f3w. Warto podkre\u015bli\u0107, \u017ce faktury zakupowe (kosztowe) b\u0119d\u0105 przez Ciebie jedynie odbierane w systemie KSeF, a nie wystawiane.<\/p>\n\n\n\n<p><strong>Obowi\u0105zek korzystania z KSeF, zgodnie z harmonogramem znajduj\u0105cym si\u0119 w tabeli powy\u017cej, obejmuje:<\/strong><\/p>\n\n\n\n<ul class=\"wp-block-list\">\n<li>jednoosobow\u0105 dzia\u0142alno\u015b\u0107 gospodarcz\u0105 z niewysokim obrotem,<\/li>\n\n\n\n<li>mikro, ma\u0142e i \u015brednie przedsi\u0119biorstwa,<\/li>\n\n\n\n<li>sp\u00f3\u0142ki prawa handlowego,<\/li>\n\n\n\n<li>freelancer\u00f3w i osoby samozatrudnione,<\/li>\n\n\n\n<li>firmy wystawiaj\u0105ce faktury dla podmiot\u00f3w zagranicznych (z wy\u0142\u0105czeniem faktur dokumentuj\u0105cych np. eksport towar\u00f3w i WDT, kt\u00f3re s\u0105 wy\u0142\u0105czone z obowi\u0105zku).<\/li>\n<\/ul>\n\n\n\n<p>Innymi s\u0142owy \u2013 je\u015bli Twoja firma wystawia faktury VAT dla innych firm lub jednostek publicznych, KSeF obejmuje faktury w Twoim obiegu dokument\u00f3w. A je\u015bli korzystasz ze zwolnienia z VAT (np. ze wzgl\u0119du na limit obrot\u00f3w), wtedy r\u00f3wnie\u017c b\u0119dziesz musia\u0142 dostosowa\u0107 si\u0119 do KSeF od 1 kwietnia 2026 r., je\u015bli warunki prawne tego wymagaj\u0105.<\/p>\n\n\n\n<p>Inna sytuacja ma miejsce w przypadku faktur VAT RR (dla nabycia produkt\u00f3w rolnych od rolnik\u00f3w rycza\u0142towych), kt\u00f3re nie b\u0119d\u0105 obj\u0119te obowi\u0105zkiem od pocz\u0105tku, cho\u0107 mo\u017cliwo\u015b\u0107 wystawienia ich w KSeF b\u0119dzie dost\u0119pna od 1 kwietnia 2026 r.<\/p>\n\n\n\n<p>Dla wielu w\u0142a\u015bcicieli M\u015aP to du\u017ce wyzwanie, ale te\u017c okazja, by pozby\u0107 si\u0119 problem\u00f3w zwi\u0105zanych z zagubionymi dokumentami, b\u0142\u0119dami w numeracji czy ryzykiem kontroli.<\/p>\n\n\n\n<h2 class=\"wp-block-heading\"><span class=\"ez-toc-section\" id=\"Jak_dziala_KSeF_%E2%80%93_co_zmieni_sie_w_Twoim_codziennym_procesie_fakturowania\"><\/span>Jak dzia\u0142a KSeF \u2013 co zmieni si\u0119 w Twoim codziennym procesie fakturowania?<span class=\"ez-toc-section-end\"><\/span><\/h2>\n\n\n\n<p>Jako przedsi\u0119biorca musisz wiedzie\u0107, czy KSeF dotyczy Twojej firmy i jakie zmiany Ci\u0119 czekaj\u0105.<\/p>\n\n\n\n<p><strong>Przede wszystkim Twoje obecne programy do faktur prawdopodobnie nie b\u0119d\u0105 wystarczaj\u0105ce<\/strong> \u2014 musz\u0105 obs\u0142ugiwa\u0107 generowanie dokument\u00f3w w formacie ustrukturyzowanym XML i komunikacj\u0119 z API KSeF. Mo\u017cesz te\u017c napotka\u0107 konieczno\u015b\u0107 uzyskania certyfikatu wystawcy faktury (od listopada 2025 r.) jako element bezpiecze\u0144stwa i identyfikacji w systemie. W sytuacjach awaryjnych, ale tylko w \u015bci\u015ble okre\u015blonych warunkach, b\u0119dziesz m\u00f3g\u0142 wspom\u00f3c si\u0119 faktur\u0105 wystawion\u0105 w trybie offline. Co jeszcze zmieni si\u0119 dla podatnik\u00f3w korzystaj\u0105cych z KSeF?<\/p>\n\n\n\n<p>Przyjrzyjmy si\u0119 bli\u017cej procesowi wystawiania faktur oraz g\u0142\u00f3wnym poj\u0119ciom, kt\u00f3re temu towarzysz\u0105.<\/p>\n\n\n\n<h3 class=\"wp-block-heading\"><span class=\"ez-toc-section\" id=\"Definicje_i_podstawowe_zasady_wystawiania_faktur_w_KSeF\"><\/span><strong>Definicje i podstawowe zasady wystawiania faktur w KSeF<\/strong><span class=\"ez-toc-section-end\"><\/span><\/h3>\n\n\n\n<p>Wdra\u017canie KSeF to dla ka\u017cdego przedsi\u0119biorcy du\u017ca zmiana. To ju\u017c nie tylko przyjmowanie i wystawianie faktur, ale przede wszystkim obowi\u0105zek korzystania z centralnego systemu. Oto, co musisz wiedzie\u0107 o e-fakturowaniu:<\/p>\n\n\n\n<ul class=\"wp-block-list\">\n<li><strong>faktura ustrukturyzowana<\/strong> \u2013 ka\u017cda faktura obowi\u0105zkowo zostanie stworzona w formacie struktury logicznej (FA(3) w nowej ods\u0142onie). To XML z okre\u015blonym zestawem p\u00f3l i regu\u0142 walidacji,<\/li>\n\n\n\n<li><strong>faktura z unikalnym numerem KSeF <\/strong>\u2013 po przes\u0142aniu faktury do systemu otrzymasz numer KSeF, kt\u00f3ry potwierdza, \u017ce dokument przeszed\u0142 walidacj\u0119 i zosta\u0142 zaakceptowany przez system,<\/li>\n\n\n\n<li><strong>dost\u0119pno\u015b\u0107 dokument\u00f3w<\/strong> \u2013 faktura wystawiona przez Ciebie b\u0119dzie dost\u0119pna tak\u017ce odbiorcy bez potrzeby maili czy PDF-\u00f3w,<\/li>\n\n\n\n<li><strong>import danych<\/strong> \u2013 Tw\u00f3j system ksi\u0119gowy lub ERP b\u0119dzie m\u00f3g\u0142 pobiera\u0107 faktury automatycznie z KSeF (lub przez interfejs API), co usuwa r\u0119czne przepisanie danych,<\/li>\n\n\n\n<li><strong>tryb offline24<\/strong> \u2013 w przypadku awarii systemu lub problem\u00f3w z dost\u0119pem do internetu mo\u017cesz wystawi\u0107 faktur\u0119 w trybie awaryjnym, jednak musisz przes\u0142a\u0107 j\u0105 do KSeF nie p\u00f3\u017aniej ni\u017c w nast\u0119pnym dniu roboczym po dniu jej wystawienia. Faktura wystawiona w tym trybie musi mie\u0107 kod QR,<\/li>\n\n\n\n<li><strong>certyfikat wystawcy faktury<\/strong> \u2013 od listopada 2025 r. przedsi\u0119biorcy b\u0119d\u0105 mogli pobra\u0107 certyfikat, kt\u00f3ry pozwoli na uwierzytelnienie w systemie i wystawianie dokument\u00f3w w awaryjnych sytuacjach.<\/li>\n<\/ul>\n\n\n\n<h3 class=\"wp-block-heading\"><span class=\"ez-toc-section\" id=\"Jak_korzystac_z_KSeF_Przewodnik_po_aplikacjach_i_integracji_z_systemem_faktur_elektronicznych\"><\/span>Jak korzysta\u0107 z KSeF? Przewodnik po aplikacjach i integracji z systemem faktur elektronicznych<span class=\"ez-toc-section-end\"><\/span><\/h3>\n\n\n\n<p>Z Krajowego Systemu e-Faktur (KSeF) mo\u017cna korzysta\u0107 na kilka sposob\u00f3w:<\/p>\n\n\n\n<ul class=\"wp-block-list\">\n<li><strong>poprzez programy finansowo-ksi\u0119gowe<\/strong>, o ile posiadaj\u0105 integracj\u0119 z KSeF za pomoc\u0105 interfejsu API,<\/li>\n\n\n\n<li><strong>z wykorzystaniem bezp\u0142atnych narz\u0119dzi udost\u0119pnionych przez Ministerstwo Finans\u00f3w<\/strong> na stronie <a href=\"http:\/\/ksef.podatki.gov.pl\" target=\"_blank\" rel=\"noreferrer noopener\">ksef.podatki.gov.pl<\/a>, takich jak:\n<ul class=\"wp-block-list\">\n<li><strong>Aplikacja Podatnika KSeF<\/strong> \u2013 umo\u017cliwia obs\u0142ug\u0119 systemu, nadawanie i zarz\u0105dzanie uprawnieniami, tokenami oraz certyfikatami, a tak\u017ce przegl\u0105d i pobieranie faktur wraz z UPO,<\/li>\n\n\n\n<li><strong>Aplikacja Mobilna KSeF<\/strong> \u2013 pozwala na wystawianie i odbieranie faktur przy u\u017cyciu smartfona, podgl\u0105d dokument\u00f3w oraz tworzenie ich wersji roboczych.<\/li>\n<\/ul>\n<\/li>\n<\/ul>\n\n\n\n<p>Dodatkowo mo\u017cliwe jest korzystanie z KSeF za po\u015brednictwem e-mikrofirmy dost\u0119pnej w e-Urz\u0119dzie Skarbowym. Po po\u0142\u0105czeniu konta z systemem KSeF podatnik zyskuje mo\u017cliwo\u015b\u0107 wystawiania i odbierania faktur bezpo\u015brednio w systemie, a dane z faktur mog\u0105 by\u0107 automatycznie przenoszone do ewidencji VAT, eliminuj\u0105c konieczno\u015b\u0107 r\u0119cznego wprowadzania informacji.<\/p>\n\n\n\n<h3 class=\"wp-block-heading\"><span class=\"ez-toc-section\" id=\"Dzialanie_KSeF_okazja_do_cyfrowej_transformacji_Twojej_firmy\"><\/span>Dzia\u0142anie KSeF okazj\u0105 do cyfrowej transformacji Twojej firmy<span class=\"ez-toc-section-end\"><\/span><\/h3>\n\n\n\n<p>Je\u015bli prowadzisz firm\u0119, musisz po pierwsze przestawi\u0107 si\u0119 na system faktur wystawianych w trybie online lub offline, w przypadku braku po\u0142\u0105czenia z internetem. Aby spe\u0142ni\u0107 ten warunek, mo\u017cesz korzysta\u0107 z bezp\u0142atnych narz\u0119dzi, kt\u00f3re oferuje Ministerstwo Finans\u00f3w (patrz wy\u017cej) lub zainwestowa\u0107 w oprogramowanie, kt\u00f3re pozwoli Ci na obs\u0142ug\u0119 faktur elektronicznych w formacie XML. By\u0107 mo\u017ce ju\u017c takim dysponujesz, ale zawsze warto sprawdzi\u0107, czy wszystko dzia\u0142a prawid\u0142owo. Testowanie ma tutaj istotne znaczenie. Gdy z powodzeniem zako\u0144czysz ju\u017c ten etap, mo\u017cesz cieszy\u0107 si\u0119:<\/p>\n\n\n\n<ul class=\"wp-block-list\">\n<li>automatyzacj\u0105 ca\u0142ego procesu fakturowania \u2014 mniej pracy r\u0119cznej, mniej b\u0142\u0119d\u00f3w.<\/li>\n\n\n\n<li>wi\u0119ksz\u0105 przejrzysto\u015bci\u0105 i sp\u00f3jno\u015bci\u0105 w obiegu dokument\u00f3w (Ty i Tw\u00f3j odbiorca widzicie te same dane).<\/li>\n\n\n\n<li>potencja\u0142em na integracje: CRM \u2192 faktury \u2192 KSeF \u2192 ksi\u0119gowo\u015b\u0107.<\/li>\n<\/ul>\n\n\n\n<blockquote class=\"wp-block-quote is-layout-flow wp-block-quote-is-layout-flow\">\n<p>Potraktuj konieczno\u015b\u0107 wdro\u017cenia obowi\u0105zkowego KSeF jako \u015bwietn\u0105 okazj\u0119 do cyfrowej transformacji Twojego biznesu.<\/p>\n<\/blockquote>\n\n\n\n<p>Stosowanie nowoczesnych narz\u0119dzi technologicznych, ale r\u00f3wnie\u017c tych opartych na dzia\u0142aniu sztucznej inteligencji, pozwoli Ci kompleksowo usprawni\u0107 zarz\u0105dzanie przedsi\u0119biorstwem i wp\u0142ynie d\u0142ugofalowo na rozw\u00f3j Twojego biznesu. Je\u015bli chcesz dowiedzie\u0107 si\u0119 wi\u0119cej na ten temat, <a target=\"_blank\" rel=\"noreferrer noopener\" href=\"https:\/\/wenet.pl\/#contact-form\"><strong>skorzystaj z bezp\u0142atnej konsultacji z ekspertami WeNet<\/strong><\/a>, kt\u00f3rzy podpowiedz\u0105 Ci, jakie rozwi\u0105zanie w perspektywie wdro\u017cenia KSeF ma znaczenie akurat w Twojej firmie.<\/p>\n\n\n\n<p>Razem z WeNet mo\u017cesz nie tylko dostosowa\u0107 sw\u00f3j biznes do nowelizacji przepis\u00f3w systemu faktur, ale tak\u017ce:<\/p>\n\n\n\n<ul class=\"wp-block-list\">\n<li><a href=\"https:\/\/wenet.pl\/oferta\/strony-www\" target=\"_blank\" rel=\"noreferrer noopener\">stworzy\u0107 now\u0105 stron\u0119 internetow\u0105<\/a> lub <a href=\"https:\/\/wenet.pl\/oferta\/sklepy-internetowe\" target=\"_blank\" rel=\"noreferrer noopener\">sklep online<\/a>,<\/li>\n\n\n\n<li>zadba\u0107 o <a href=\"https:\/\/wenet.pl\/oferta\/pozycjonowanie\" target=\"_blank\" rel=\"noreferrer noopener\">SEO<\/a> i marketing internetowy,<\/li>\n\n\n\n<li>zintegrowa\u0107 sprzeda\u017c z nowoczesnym \u015brodowiskiem IT,<\/li>\n\n\n\n<li>przyspieszy\u0107 ca\u0142\u0105 komunikacj\u0119 w firmie.<\/li>\n<\/ul>\n\n\n\n<!--HubSpot Call-to-Action Code --><span class=\"hs-cta-wrapper\" id=\"hs-cta-wrapper-b8fd475f-5e8c-42a8-9ef5-d9ecce3e809a\"><span class=\"hs-cta-node hs-cta-b8fd475f-5e8c-42a8-9ef5-d9ecce3e809a\" id=\"hs-cta-b8fd475f-5e8c-42a8-9ef5-d9ecce3e809a\"><!--[if lte IE 8]><div id=\"hs-cta-ie-element\"><\/div><![endif]--><a href=\"https:\/\/hubspot-cta-redirect-eu1-prod.s3.amazonaws.com\/cta\/redirect\/25646044\/b8fd475f-5e8c-42a8-9ef5-d9ecce3e809a\" target=\"_blank\" rel=\"noopener\"><img decoding=\"async\" class=\"hs-cta-img colorbox-12295 lazyload\" id=\"hs-cta-img-b8fd475f-5e8c-42a8-9ef5-d9ecce3e809a\" style=\"border-width:0px;\" data-src=\"https:\/\/hubspot-no-cache-eu1-prod.s3.amazonaws.com\/cta\/default\/25646044\/b8fd475f-5e8c-42a8-9ef5-d9ecce3e809a.png\"  alt=\"Sprawd\u017a, jak za\u0142o\u017cy\u0107 i wypromowa\u0107 sklep online &gt;&gt;&gt;\" src=\"data:image\/svg+xml;base64,PHN2ZyB3aWR0aD0iMSIgaGVpZ2h0PSIxIiB4bWxucz0iaHR0cDovL3d3dy53My5vcmcvMjAwMC9zdmciPjwvc3ZnPg==\" \/><\/a><\/span><script charset=\"utf-8\" src=\"https:\/\/js-eu1.hscta.net\/cta\/current.js\"><\/script><script type=\"text\/javascript\"> hbspt.cta.load(25646044, 'b8fd475f-5e8c-42a8-9ef5-d9ecce3e809a', {\"useNewLoader\":\"true\",\"region\":\"eu1\"}); <\/script><\/span><!-- end HubSpot Call-to-Action Code -->\n\n\n\n<p>Dzi\u0119ki temu obowi\u0105zek stosowania KSeF nie b\u0119dzie tylko formalno\u015bci\u0105, ale pocz\u0105tkiem nowego etapu w rozwoju Twojej firmy, a Ty zyskasz partnera, kt\u00f3ry zna temat i mo\u017ce Ci pom\u00f3c w ca\u0142ym procesie transformacji.<\/p>\n\n\n\n<!--HubSpot Call-to-Action Code --><span class=\"hs-cta-wrapper\" id=\"hs-cta-wrapper-5d1a97ef-61d7-40e5-9c04-e1b819c85a63\"><span class=\"hs-cta-node hs-cta-5d1a97ef-61d7-40e5-9c04-e1b819c85a63\" id=\"hs-cta-5d1a97ef-61d7-40e5-9c04-e1b819c85a63\"><!--[if lte IE 8]><div id=\"hs-cta-ie-element\"><\/div><![endif]--><a href=\"https:\/\/hubspot-cta-redirect-eu1-prod.s3.amazonaws.com\/cta\/redirect\/25646044\/5d1a97ef-61d7-40e5-9c04-e1b819c85a63\" ><img decoding=\"async\" class=\"hs-cta-img colorbox-12295 lazyload\" id=\"hs-cta-img-5d1a97ef-61d7-40e5-9c04-e1b819c85a63\" style=\"border-width:0px;\" data-src=\"https:\/\/hubspot-no-cache-eu1-prod.s3.amazonaws.com\/cta\/default\/25646044\/5d1a97ef-61d7-40e5-9c04-e1b819c85a63.png\"  alt=\"Bezp\u0142atny audyt SEO\" src=\"data:image\/svg+xml;base64,PHN2ZyB3aWR0aD0iMSIgaGVpZ2h0PSIxIiB4bWxucz0iaHR0cDovL3d3dy53My5vcmcvMjAwMC9zdmciPjwvc3ZnPg==\" \/><\/a><\/span><script charset=\"utf-8\" src=\"https:\/\/js-eu1.hscta.net\/cta\/current.js\"><\/script><script type=\"text\/javascript\"> hbspt.cta.load(25646044, '5d1a97ef-61d7-40e5-9c04-e1b819c85a63', {\"useNewLoader\":\"true\",\"region\":\"eu1\"}); <\/script><\/span><!-- end HubSpot Call-to-Action Code -->\n\n\n\n<h2 class=\"wp-block-heading\"><span class=\"ez-toc-section\" id=\"Jak_wdrozyc_KSeF_w_Twojej_firmie_%E2%80%94_krok_po_kroku\"><\/span>Jak wdro\u017cy\u0107 KSeF w Twojej firmie \u2014 krok po kroku<span class=\"ez-toc-section-end\"><\/span><\/h2>\n\n\n\n<p>W obliczu nadchodz\u0105cych zmian zapewne teraz zastanawiasz si\u0119 od czego w\u0142a\u015bciwie zacz\u0105\u0107? Poni\u017cej znajdziesz <strong>rozk\u0142ad dzia\u0142a\u0144<\/strong>, kt\u00f3re musisz zaplanowa\u0107, by wdro\u017cenie KSeF w Twojej firmie przebieg\u0142o bezbole\u015bnie. Ka\u017cdy krok dopasuj do swoich zasob\u00f3w, zespo\u0142u i stopnia gotowo\u015bci technologicznej.<\/p>\n\n\n\n<ol class=\"wp-block-list\">\n<li><strong>Przeanalizuj obecny proces wystawiania faktur<\/strong> \u2013 czy u\u017cywasz prostego programu, Excela, a mo\u017ce obs\u0142uguje Ci\u0119 biuro rachunkowe?<\/li>\n\n\n\n<li><strong>Wybierz system kompatybilny z KSeF<\/strong> \u2013 to kluczowe, aby\u015b od dnia wej\u015bcia obowi\u0105zku dzia\u0142a\u0142 bez przestoj\u00f3w.<\/li>\n\n\n\n<li><strong>Przeszkol pracownik\u00f3w<\/strong> \u2013 je\u017celi masz zesp\u00f3\u0142, musz\u0105 zna\u0107 zasady wystawiania ustrukturyzowanych faktur.<\/li>\n\n\n\n<li><strong>Testuj wystawianie faktur w KSeF<\/strong> \u2013 zanim wejdzie obowi\u0105zek, warto sprawdzi\u0107 proces na pr\u00f3bnych dokumentach.<\/li>\n\n\n\n<li><strong>Wdr\u00f3\u017c KSeF w codziennej praktyce<\/strong> \u2013 tak, aby przej\u015bcie odby\u0142o si\u0119 p\u0142ynnie.<\/li>\n<\/ol>\n\n\n\n<p>Nie musisz jednak przechodzi\u0107 przez to sam. <strong>Firmao<\/strong> oferuje nie tylko oprogramowanie, ale i darmowe konsultacje, podczas kt\u00f3rych eksperci doradz\u0105 Ci najlepsze rozwi\u0105zanie. W ka\u017cdej chwili mo\u017cesz zapozna\u0107 si\u0119 z ich <strong>programem do wystawiania faktur<\/strong>, kt\u00f3ry wspiera integracje i generowanie faktur zgodnych z KSeF, co daje Ci komfort i bezpiecze\u0144stwo przy przej\u015bciu na nowy system.<\/p>\n\n\n\n<h3 class=\"wp-block-heading\"><span class=\"ez-toc-section\" id=\"Harmonogram_wdrozenia_KSeF_i_dzialan_dla_przedsiebiorcy_MSP\"><\/span>Harmonogram wdro\u017cenia KSeF i dzia\u0142a\u0144 dla przedsi\u0119biorcy M\u015aP<span class=\"ez-toc-section-end\"><\/span><\/h3>\n\n\n\n<figure class=\"wp-block-table\"><table class=\"has-fixed-layout\"><tbody><tr><th><strong>Data \/ okres<\/strong><\/th><th><strong>Co si\u0119 dzieje?<\/strong><\/th><th><strong>Co powiniene\u015b zrobi\u0107 w swojej firmie?<\/strong><\/th><\/tr><tr><td><strong>Listopad 2025<\/strong><\/td><td>Udost\u0119pnienie testowej wersji Aplikacji Podatnika KSeF 2.0. Mo\u017cliwo\u015b\u0107 uzyskania certyfikatu wystawcy faktury.<\/td><td>Zaloguj si\u0119 i sprawd\u017a, jak dzia\u0142a aplikacja KSeF. Z\u0142\u00f3\u017c wniosek o certyfikat wystawcy (potrzebny w trybie offline24). Przeszkol zesp\u00f3\u0142 z obs\u0142ugi nowego systemu.<\/td><\/tr><tr><td><strong>1 listopada 2025 r.<\/strong><\/td><td>Oficjalny start sk\u0142adania wniosk\u00f3w o certyfikat wystawcy faktury.<\/td><td>Z\u0142\u00f3\u017c wniosek o certyfikat \u2013 to Twoje zabezpieczenie w razie awarii systemu. Upewnij si\u0119, \u017ce Tw\u00f3j system fakturowy obs\u0142uguje certyfikaty.<\/td><\/tr><tr><td><strong>1 lutego 2026 r.<\/strong><\/td><td>Du\u017ce firmy (obr\u00f3t &gt;200 mln z\u0142 w 2024 r.) \u2013 obowi\u0105zek stosowania KSeF.<\/td><td>Je\u015bli jeste\u015b du\u017cym podatnikiem \u2013 musisz od tego dnia wystawia\u0107 wszystkie faktury przez KSeF. Je\u015bli jeste\u015b M\u015aP \u2013 masz jeszcze chwil\u0119, ale zacznij ju\u017c teraz wystawia\u0107 testowe faktury.<\/td><\/tr><tr><td><strong>1 kwietnia 2026 r.<\/strong><\/td><td>Wszyscy pozostali podatnicy VAT (w tym M\u015aP i podatnicy zwolnieni) \u2013 obowi\u0105zek korzystania z KSeF.<\/td><td>To Tw\u00f3j termin graniczny \u2013 od tej daty wszystkie Twoje faktury B2B i B2G musz\u0105 by\u0107 w KSeF. Wystawianie faktur PDF\/Excel poza KSeF b\u0119dzie niewa\u017cne. Sprawd\u017a integracj\u0119 system\u00f3w: ksi\u0119gowo\u015bci, CRM, ERP.<\/td><\/tr><tr><td><strong>Rok 2026<\/strong><\/td><td>Okres przej\u015bciowy \u2013 \u0142agodniejsze podej\u015bcie do kar. Utrzymanie mo\u017cliwo\u015bci wystawiania faktur uproszczonych (paragon\u00f3w z NIP do 450 z\u0142) poza KSeF.<\/td><td>Mo\u017cesz jeszcze pope\u0142nia\u0107 b\u0142\u0119dy bez kar finansowych. To idealny czas na nauk\u0119 i pe\u0142ne wdro\u017cenie procedur. Upewnij si\u0119, \u017ce zesp\u00f3\u0142 jest ju\u017c ca\u0142kowicie przeszkolony.<\/td><\/tr><tr><td><strong>1 stycznia 2027 r.<\/strong><\/td><td>Obowi\u0105zek obejmuje tak\u017ce najmniejsze firmy \u201ewykluczone cyfrowo\u201d. Ko\u0144czy si\u0119 okres wy\u0142\u0105czenia dla faktur uproszczonych.<\/td><td>Je\u015bli Twoja firma by\u0142a zwolniona do tego czasu, od 2027 r. musisz dzia\u0142a\u0107 w pe\u0142ni w KSeF. Brak taryfy ulgowej \u2013 od tej daty b\u0142\u0119dy mog\u0105 by\u0107 ju\u017c karane.<\/td><\/tr><\/tbody><\/table><\/figure>\n\n\n\n<p>\u0179r\u00f3d\u0142o: Opracowanie w\u0142asne na podstawie KSeF.<\/p>\n\n\n\n<h2 class=\"wp-block-heading\"><span class=\"ez-toc-section\" id=\"Co_grozi_za_wystawienie_faktury_z_pominieciem_systemu_KSeF\"><\/span>Co grozi za wystawienie faktury z pomini\u0119ciem systemu KSeF?<span class=\"ez-toc-section-end\"><\/span><\/h2>\n\n\n\n<p>Musisz wiedzie\u0107, \u017ce kary za nieprzestrzeganie KSeF s\u0105 realne i dotkliwe. Je\u017celi wystawisz faktur\u0119 <strong>B2B lub B2G<\/strong> z pomini\u0119ciem systemu <strong>po 31 grudnia 2026 r.<\/strong>, mo\u017cesz zosta\u0107 obci\u0105\u017cony sankcj\u0105 finansow\u0105.<\/p>\n\n\n\n<p>Dlatego przygotowania s\u0105 tak wa\u017cne. Je\u015bli zdecydujesz si\u0119 na system Firmao, b\u0119dziesz mie\u0107 pewno\u015b\u0107, \u017ce proces wystawiania faktur w Twojej firmie jest zgodny z przepisami i nie nara\u017casz si\u0119 na dodatkowe koszty.<\/p>\n\n\n\n<h2 class=\"wp-block-heading\"><span class=\"ez-toc-section\" id=\"Podsumowanie_i_konkretny_plan_na_teraz\"><\/span>Podsumowanie i konkretny plan na teraz<span class=\"ez-toc-section-end\"><\/span><\/h2>\n\n\n\n<p><strong>Oto co<\/strong> <strong>musisz zrobi\u0107<\/strong>:<\/p>\n\n\n\n<ol class=\"wp-block-list\">\n<li>Sprawd\u017a, czy Twoja firma nale\u017cy do grupy, kt\u00f3ra ju\u017c 1 lutego 2026 r. b\u0119dzie musia\u0142a stosowa\u0107 KSeF \u2014 je\u015bli tak, nie masz ju\u017c czasu do stracenia.<\/li>\n\n\n\n<li>Zweryfikuj, czy Twoje obecne oprogramowanie fakturuj\u0105ce lub ksi\u0119gowe wspiera generowanie dokument\u00f3w FA(3) i \u0142\u0105czenie z API KSeF.<\/li>\n\n\n\n<li>Skontaktuj si\u0119 z ekspertami, kt\u00f3rzy oferuj\u0105 konsultacje i wdro\u017cenia. Sprawd\u017a <a href=\"https:\/\/firmao.pl\/program-do-wystawiania-faktur.php\">program do wystawiania faktur Firmao<\/a>.<\/li>\n\n\n\n<li>Rozpocznij testy: testuj ju\u017c teraz interfejs API, a w listopadzie sprawd\u017a Aplikacj\u0119 Podatnika KSeF 2.0.<\/li>\n\n\n\n<li>Przeszkol zesp\u00f3\u0142, ustal procedury awaryjne i przygotuj si\u0119 na start \u2014 1 lutego 2026 r. lub 1 kwietnia 2026 r.<\/li>\n\n\n\n<li>Traktuj wdro\u017cenie KSeF jako impuls do digitalizacji \u2014 skorzystaj z us\u0142ug WeNet: stron internetowych, SEO, integracji.<\/li>\n<\/ol>\n\n\n\n<p><strong>Najwa\u017cniejsze, \u017ceby\u015b<\/strong> <strong>nie zostawi\u0142 wdro\u017cenia KSeF na ostatni\u0105 chwil\u0119<\/strong> \u2013 najlepiej przygotowa\u0107 si\u0119 jeszcze w 2025 roku, aby spokojnie wej\u015b\u0107 w obowi\u0105zkowe stosowanie od 2026 r.<\/p>\n\n\n\n<p>\u0179r\u00f3d\u0142a: <a href=\"https:\/\/krajowysystemefaktur.pl\/porady\/ksef-nowy-harmonogram-wdrozenia\/?utm_source=chatgpt.com\">KSeF<\/a>, <a href=\"https:\/\/www.gov.pl\/\" target=\"_blank\" rel=\"noreferrer noopener\">Gov.pl<\/a><\/p>\n\n\n\n<h2 class=\"wp-block-heading\"><span class=\"ez-toc-section\" id=\"FAQ_%E2%80%93_Pytania_i_odpowiedzi\"><\/span>FAQ &#8211; Pytania i odpowiedzi<span class=\"ez-toc-section-end\"><\/span><\/h2>\n\n\n\n<div itemscope itemtype=\"https:\/\/schema.org\/FAQPage\">\n  <div itemprop=\"mainEntity\" itemscope itemtype=\"https:\/\/schema.org\/Question\">\n    <h3 itemprop=\"name\"><span class=\"ez-toc-section\" id=\"Kto_bedzie_zobowiazany_do_korzystania_z_KSeF_w_pierwszej_kolejnosci\"><\/span>Kto b\u0119dzie zobowi\u0105zany do korzystania z KSeF w pierwszej kolejno\u015bci? <span class=\"ez-toc-section-end\"><\/span><\/h3>\n    <div itemprop=\"acceptedAnswer\" itemscope itemtype=\"https:\/\/schema.org\/Answer\">\n      <p itemprop=\"text\">Od 1 lutego 2026 r. obowi\u0105zek dotyczy du\u017cych firm, kt\u00f3rych sprzeda\u017c brutto w 2024 r. przekroczy\u0142a 200 mln z\u0142. Pozostali przedsi\u0119biorcy \u2013 w tym M\u015aP \u2013 b\u0119d\u0105 zobowi\u0105zani od kwietnia. \n<\/p>\n    <\/div>\n  <\/div>\n\n <div itemprop=\"mainEntity\" itemscope itemtype=\"https:\/\/schema.org\/Question\">\n    <h3 itemprop=\"name\"><span class=\"ez-toc-section\" id=\"Czy_obowiazkowy_KSeF_dotyczy_wszystkich_przedsiebiorcow\"><\/span>Czy obowi\u0105zkowy KSeF dotyczy wszystkich przedsi\u0119biorc\u00f3w?<span class=\"ez-toc-section-end\"><\/span><\/h3>\n    <div itemprop=\"acceptedAnswer\" itemscope itemtype=\"https:\/\/schema.org\/Answer\">\n      <p itemprop=\"text\">Tak, KSeF ma obj\u0105\u0107 prawie wszystkich prowadz\u0105cych dzia\u0142alno\u015b\u0107 \u2013 zar\u00f3wno VAT-owc\u00f3w, jak i zwolnionych z VAT. Nie dotyczy natomiast faktur dla konsument\u00f3w (B2C), kt\u00f3re pozostaj\u0105 dobrowolne.  <\/p>\n    <\/div>\n  <\/div>\n\n <div itemprop=\"mainEntity\" itemscope itemtype=\"https:\/\/schema.org\/Question\">\n    <h3 itemprop=\"name\"><span class=\"ez-toc-section\" id=\"Od_kiedy_KSeF_dla_najmniejszych_podatnikow_i_mikroprzedsiebiorcow\"><\/span>Od kiedy KSeF dla najmniejszych podatnik\u00f3w i mikroprzedsi\u0119biorc\u00f3w?<span class=\"ez-toc-section-end\"><\/span><\/h3>\n    <div itemprop=\"acceptedAnswer\" itemscope itemtype=\"https:\/\/schema.org\/Answer\">\n      <p itemprop=\"text\">Dla mikroprzedsi\u0119biorc\u00f3w i podatnik\u00f3w korzystaj\u0105cych z uproszcze\u0144 KSeF ma by\u0107 obowi\u0105zkowy od 1 stycznia 2027 r., cho\u0107 konkretne warunki i wyj\u0105tki mog\u0105 jeszcze ulec doprecyzowaniu. <\/p>\n    <\/div>\n  <\/div>\n\n <div itemprop=\"mainEntity\" itemscope itemtype=\"https:\/\/schema.org\/Question\">\n    <h3 itemprop=\"name\"><span class=\"ez-toc-section\" id=\"Jakie_sa_konsekwencje_braku_wdrozenia_KSeF_w_terminie\"><\/span>Jakie s\u0105 konsekwencje braku wdro\u017cenia KSeF w terminie?<span class=\"ez-toc-section-end\"><\/span><\/h3>\n    <div itemprop=\"acceptedAnswer\" itemscope itemtype=\"https:\/\/schema.org\/Answer\">\n      <p itemprop=\"text\">Wystawienie faktury poza KSeF po terminie mo\u017ce skutkowa\u0107 uznaniem jej za niewa\u017cn\u0105 oraz karami finansowymi. Dodatkowo gro\u017c\u0105 problemy z rozliczeniami VAT i brakiem potwierdzenia odbioru (UPO).  <\/p>\n    <\/div>\n  <\/div>\n\n <div itemprop=\"mainEntity\" itemscope itemtype=\"https:\/\/schema.org\/Question\">\n    <h3 itemprop=\"name\"><span class=\"ez-toc-section\" id=\"Czy_sa_wyjatki_od_obowiazku_korzystania_z_KSeF\"><\/span>Czy s\u0105 wyj\u0105tki od obowi\u0105zku korzystania z KSeF?<span class=\"ez-toc-section-end\"><\/span><\/h3>\n    <div itemprop=\"acceptedAnswer\" itemscope itemtype=\"https:\/\/schema.org\/Answer\">\n      <p itemprop=\"text\">Tak, do ko\u0144ca 2026 r. z KSeF wy\u0142\u0105czone s\u0105 m.in. paragony z NIP do 450 z\u0142 (faktury uproszczone) oraz faktury B2C. Mo\u017cliwe s\u0105 te\u017c czasowe wyj\u0105tki w przypadku awarii systemu.  <\/p><div class=\"lital69f2b15f14042\" ><!-- Komunikacja z klientem -->\n<!--HubSpot Call-to-Action Code --><span class=\"hs-cta-wrapper\" id=\"hs-cta-wrapper-8265bd58-ea47-4c6a-9f25-dd290dd6f8c8\"><span class=\"hs-cta-node hs-cta-8265bd58-ea47-4c6a-9f25-dd290dd6f8c8\" id=\"hs-cta-8265bd58-ea47-4c6a-9f25-dd290dd6f8c8\"><!--[if lte IE 8]><div id=\"hs-cta-ie-element\"><\/div><![endif]--><a href=\"https:\/\/hubspot-cta-redirect-eu1-prod.s3.amazonaws.com\/cta\/redirect\/25646044\/8265bd58-ea47-4c6a-9f25-dd290dd6f8c8\" target=\"_blank\" rel=\"noopener\"><img class=\"hs-cta-img colorbox-12295 lazyload\" id=\"hs-cta-img-8265bd58-ea47-4c6a-9f25-dd290dd6f8c8\" style=\"border-width:0px;\" data-src=\"https:\/\/hubspot-no-cache-eu1-prod.s3.amazonaws.com\/cta\/default\/25646044\/8265bd58-ea47-4c6a-9f25-dd290dd6f8c8.png\"  alt=\"Nowe wezwanie do dzia\u0142ania\" src=\"data:image\/svg+xml;base64,PHN2ZyB3aWR0aD0iMSIgaGVpZ2h0PSIxIiB4bWxucz0iaHR0cDovL3d3dy53My5vcmcvMjAwMC9zdmciPjwvc3ZnPg==\" \/><\/a><\/span><script charset=\"utf-8\" src=\"https:\/\/js-eu1.hscta.net\/cta\/current.js\"><\/script><script type=\"text\/javascript\"> hbspt.cta.load(25646044, '8265bd58-ea47-4c6a-9f25-dd290dd6f8c8', {\"useNewLoader\":\"true\",\"region\":\"eu1\"}); <\/script><\/span><!-- end HubSpot Call-to-Action Code -->\n<\/div><style type=\"text\/css\">\r\n@media screen and (min-width: 1201px) {\r\n.lital69f2b15f14042 {\r\ndisplay: block;\r\n}\r\n}\r\n@media screen and (min-width: 993px) and (max-width: 1200px) {\r\n.lital69f2b15f14042 {\r\ndisplay: block;\r\n}\r\n}\r\n@media screen and (min-width: 769px) and (max-width: 992px) {\r\n.lital69f2b15f14042 {\r\ndisplay: block;\r\n}\r\n}\r\n@media screen and (min-width: 768px) and (max-width: 768px) {\r\n.lital69f2b15f14042 {\r\ndisplay: block;\r\n}\r\n}\r\n@media screen and (max-width: 767px) {\r\n.lital69f2b15f14042 {\r\ndisplay: block;\r\n}\r\n}\r\n<\/style>\r\n<div class=\"ohrgv69f2b15f13fb1\" ><!-- Email Marketing -->\n<!--HubSpot Call-to-Action Code --><span class=\"hs-cta-wrapper\" id=\"hs-cta-wrapper-08eb5d7e-b5b4-457b-9ce5-ceff89d6b956\"><span class=\"hs-cta-node hs-cta-08eb5d7e-b5b4-457b-9ce5-ceff89d6b956\" id=\"hs-cta-08eb5d7e-b5b4-457b-9ce5-ceff89d6b956\"><!--[if lte IE 8]><div id=\"hs-cta-ie-element\"><\/div><![endif]--><a href=\"https:\/\/hubspot-cta-redirect-eu1-prod.s3.amazonaws.com\/cta\/redirect\/25646044\/08eb5d7e-b5b4-457b-9ce5-ceff89d6b956\" target=\"_blank\" rel=\"noopener\"><img class=\"hs-cta-img colorbox-12295 lazyload\" id=\"hs-cta-img-08eb5d7e-b5b4-457b-9ce5-ceff89d6b956\" style=\"border-width:0px;\" data-src=\"https:\/\/hubspot-no-cache-eu1-prod.s3.amazonaws.com\/cta\/default\/25646044\/08eb5d7e-b5b4-457b-9ce5-ceff89d6b956.png\"  alt=\"Nowe wezwanie do dzia\u0142ania\" src=\"data:image\/svg+xml;base64,PHN2ZyB3aWR0aD0iMSIgaGVpZ2h0PSIxIiB4bWxucz0iaHR0cDovL3d3dy53My5vcmcvMjAwMC9zdmciPjwvc3ZnPg==\" \/><\/a><\/span><script charset=\"utf-8\" src=\"https:\/\/js-eu1.hscta.net\/cta\/current.js\"><\/script><script type=\"text\/javascript\"> hbspt.cta.load(25646044, '08eb5d7e-b5b4-457b-9ce5-ceff89d6b956', {\"useNewLoader\":\"true\",\"region\":\"eu1\"}); <\/script><\/span><!-- end HubSpot Call-to-Action Code -->\n<\/div><style type=\"text\/css\">\r\n@media screen and (min-width: 1201px) {\r\n.ohrgv69f2b15f13fb1 {\r\ndisplay: block;\r\n}\r\n}\r\n@media screen and (min-width: 993px) and (max-width: 1200px) {\r\n.ohrgv69f2b15f13fb1 {\r\ndisplay: block;\r\n}\r\n}\r\n@media screen and (min-width: 769px) and (max-width: 992px) {\r\n.ohrgv69f2b15f13fb1 {\r\ndisplay: block;\r\n}\r\n}\r\n@media screen and (min-width: 768px) and (max-width: 768px) {\r\n.ohrgv69f2b15f13fb1 {\r\ndisplay: block;\r\n}\r\n}\r\n@media screen and (max-width: 767px) {\r\n.ohrgv69f2b15f13fb1 {\r\ndisplay: block;\r\n}\r\n}\r\n<\/style>\r\n<div class=\"sthyr69f2b15f13f2c\" ><!-- Zarz\u0105dzanie firm\u0105 -->\n\n<!--HubSpot Call-to-Action Code --><span class=\"hs-cta-wrapper\" id=\"hs-cta-wrapper-64d5a1d6-a25c-4d42-9cf0-0a4f91b5642d\"><span class=\"hs-cta-node hs-cta-64d5a1d6-a25c-4d42-9cf0-0a4f91b5642d\" id=\"hs-cta-64d5a1d6-a25c-4d42-9cf0-0a4f91b5642d\"><!--[if lte IE 8]><div id=\"hs-cta-ie-element\"><\/div><![endif]--><a href=\"https:\/\/hubspot-cta-redirect-eu1-prod.s3.amazonaws.com\/cta\/redirect\/25646044\/64d5a1d6-a25c-4d42-9cf0-0a4f91b5642d\" target=\"_blank\" rel=\"noopener\"><img class=\"hs-cta-img colorbox-12295 lazyload\" id=\"hs-cta-img-64d5a1d6-a25c-4d42-9cf0-0a4f91b5642d\" style=\"border-width:0px;\" data-src=\"https:\/\/hubspot-no-cache-eu1-prod.s3.amazonaws.com\/cta\/default\/25646044\/64d5a1d6-a25c-4d42-9cf0-0a4f91b5642d.png\"  alt=\"e-book Dlaczego Twoja firma powinna by\u0107 obecna w Internecie\" src=\"data:image\/svg+xml;base64,PHN2ZyB3aWR0aD0iMSIgaGVpZ2h0PSIxIiB4bWxucz0iaHR0cDovL3d3dy53My5vcmcvMjAwMC9zdmciPjwvc3ZnPg==\" \/><\/a><\/span><script charset=\"utf-8\" src=\"https:\/\/js-eu1.hscta.net\/cta\/current.js\"><\/script><script type=\"text\/javascript\"> hbspt.cta.load(25646044, '64d5a1d6-a25c-4d42-9cf0-0a4f91b5642d', {\"useNewLoader\":\"true\",\"region\":\"eu1\"}); <\/script><\/span><!-- end HubSpot Call-to-Action Code -->\n<\/div><style type=\"text\/css\">\r\n@media screen and (min-width: 1201px) {\r\n.sthyr69f2b15f13f2c {\r\ndisplay: block;\r\n}\r\n}\r\n@media screen and (min-width: 993px) and (max-width: 1200px) {\r\n.sthyr69f2b15f13f2c {\r\ndisplay: block;\r\n}\r\n}\r\n@media screen and (min-width: 769px) and (max-width: 992px) {\r\n.sthyr69f2b15f13f2c {\r\ndisplay: block;\r\n}\r\n}\r\n@media screen and (min-width: 768px) and (max-width: 768px) {\r\n.sthyr69f2b15f13f2c {\r\ndisplay: block;\r\n}\r\n}\r\n@media screen and (max-width: 767px) {\r\n.sthyr69f2b15f13f2c {\r\ndisplay: block;\r\n}\r\n}\r\n<\/style>\r\n<div class=\"qcsvx69f2b15f13ea7\" ><!-- Video -->\n\n<!--HubSpot Call-to-Action Code --><span class=\"hs-cta-wrapper\" id=\"hs-cta-wrapper-d5317067-b35b-4752-8a1e-3ef0d70566f6\"><span class=\"hs-cta-node hs-cta-d5317067-b35b-4752-8a1e-3ef0d70566f6\" id=\"hs-cta-d5317067-b35b-4752-8a1e-3ef0d70566f6\"><!--[if lte IE 8]><div id=\"hs-cta-ie-element\"><\/div><![endif]--><a href=\"https:\/\/hubspot-cta-redirect-eu1-prod.s3.amazonaws.com\/cta\/redirect\/25646044\/d5317067-b35b-4752-8a1e-3ef0d70566f6\" target=\"_blank\" rel=\"noopener\"><img class=\"hs-cta-img colorbox-12295 lazyload\" id=\"hs-cta-img-d5317067-b35b-4752-8a1e-3ef0d70566f6\" style=\"border-width:0px;\" data-src=\"https:\/\/hubspot-no-cache-eu1-prod.s3.amazonaws.com\/cta\/default\/25646044\/d5317067-b35b-4752-8a1e-3ef0d70566f6.png\"  alt=\"e-book 18 wskaz\u00f3wek, kt\u00f3re rozwin\u0105 Tw\u00f3j kana\u0142 na YouTube\" src=\"data:image\/svg+xml;base64,PHN2ZyB3aWR0aD0iMSIgaGVpZ2h0PSIxIiB4bWxucz0iaHR0cDovL3d3dy53My5vcmcvMjAwMC9zdmciPjwvc3ZnPg==\" \/><\/a><\/span><script charset=\"utf-8\" src=\"https:\/\/js-eu1.hscta.net\/cta\/current.js\"><\/script><script type=\"text\/javascript\"> hbspt.cta.load(25646044, 'd5317067-b35b-4752-8a1e-3ef0d70566f6', {\"useNewLoader\":\"true\",\"region\":\"eu1\"}); <\/script><\/span><!-- end HubSpot Call-to-Action Code -->\n<\/div><style type=\"text\/css\">\r\n@media screen and (min-width: 1201px) {\r\n.qcsvx69f2b15f13ea7 {\r\ndisplay: block;\r\n}\r\n}\r\n@media screen and (min-width: 993px) and (max-width: 1200px) {\r\n.qcsvx69f2b15f13ea7 {\r\ndisplay: block;\r\n}\r\n}\r\n@media screen and (min-width: 769px) and (max-width: 992px) {\r\n.qcsvx69f2b15f13ea7 {\r\ndisplay: block;\r\n}\r\n}\r\n@media screen and (min-width: 768px) and (max-width: 768px) {\r\n.qcsvx69f2b15f13ea7 {\r\ndisplay: block;\r\n}\r\n}\r\n@media screen and (max-width: 767px) {\r\n.qcsvx69f2b15f13ea7 {\r\ndisplay: block;\r\n}\r\n}\r\n<\/style>\r\n<div class=\"kdisp69f2b15f13e20\" ><!-- Tworzenie stron -->\n<!--HubSpot Call-to-Action Code --><span class=\"hs-cta-wrapper\" id=\"hs-cta-wrapper-ef1529b5-b78c-4b0b-bf0b-4ecc75e0bafc\"><span class=\"hs-cta-node hs-cta-ef1529b5-b78c-4b0b-bf0b-4ecc75e0bafc\" id=\"hs-cta-ef1529b5-b78c-4b0b-bf0b-4ecc75e0bafc\"><!--[if lte IE 8]><div id=\"hs-cta-ie-element\"><\/div><![endif]--><a href=\"https:\/\/hubspot-cta-redirect-eu1-prod.s3.amazonaws.com\/cta\/redirect\/25646044\/ef1529b5-b78c-4b0b-bf0b-4ecc75e0bafc\" target=\"_blank\" rel=\"noopener\"><img class=\"hs-cta-img colorbox-12295 lazyload\" id=\"hs-cta-img-ef1529b5-b78c-4b0b-bf0b-4ecc75e0bafc\" style=\"border-width:0px;\" data-src=\"https:\/\/hubspot-no-cache-eu1-prod.s3.amazonaws.com\/cta\/default\/25646044\/ef1529b5-b78c-4b0b-bf0b-4ecc75e0bafc.png\"  alt=\"Nowe wezwanie do dzia\u0142ania\" src=\"data:image\/svg+xml;base64,PHN2ZyB3aWR0aD0iMSIgaGVpZ2h0PSIxIiB4bWxucz0iaHR0cDovL3d3dy53My5vcmcvMjAwMC9zdmciPjwvc3ZnPg==\" \/><\/a><\/span><script charset=\"utf-8\" src=\"https:\/\/js-eu1.hscta.net\/cta\/current.js\"><\/script><script type=\"text\/javascript\"> hbspt.cta.load(25646044, 'ef1529b5-b78c-4b0b-bf0b-4ecc75e0bafc', {\"useNewLoader\":\"true\",\"region\":\"eu1\"}); <\/script><\/span><!-- end HubSpot Call-to-Action Code -->\n<\/div><style type=\"text\/css\">\r\n@media screen and (min-width: 1201px) {\r\n.kdisp69f2b15f13e20 {\r\ndisplay: block;\r\n}\r\n}\r\n@media screen and (min-width: 993px) and (max-width: 1200px) {\r\n.kdisp69f2b15f13e20 {\r\ndisplay: block;\r\n}\r\n}\r\n@media screen and (min-width: 769px) and (max-width: 992px) {\r\n.kdisp69f2b15f13e20 {\r\ndisplay: block;\r\n}\r\n}\r\n@media screen and (min-width: 768px) and (max-width: 768px) {\r\n.kdisp69f2b15f13e20 {\r\ndisplay: block;\r\n}\r\n}\r\n@media screen and (max-width: 767px) {\r\n.kdisp69f2b15f13e20 {\r\ndisplay: block;\r\n}\r\n}\r\n<\/style>\r\n<div class=\"ahtab69f2b15f13d8c\" ><!-- Strategia marketingowa -->\n<!--HubSpot Call-to-Action Code --><span class=\"hs-cta-wrapper\" id=\"hs-cta-wrapper-9d4aa58d-1ab7-4301-b000-ac3d639abc98\"><span class=\"hs-cta-node hs-cta-9d4aa58d-1ab7-4301-b000-ac3d639abc98\" id=\"hs-cta-9d4aa58d-1ab7-4301-b000-ac3d639abc98\"><!--[if lte IE 8]><div id=\"hs-cta-ie-element\"><\/div><![endif]--><a href=\"https:\/\/hubspot-cta-redirect-eu1-prod.s3.amazonaws.com\/cta\/redirect\/25646044\/9d4aa58d-1ab7-4301-b000-ac3d639abc98\" target=\"_blank\" rel=\"noopener\"><img class=\"hs-cta-img colorbox-12295 lazyload\" id=\"hs-cta-img-9d4aa58d-1ab7-4301-b000-ac3d639abc98\" style=\"border-width:0px;\" data-src=\"https:\/\/hubspot-no-cache-eu1-prod.s3.amazonaws.com\/cta\/default\/25646044\/9d4aa58d-1ab7-4301-b000-ac3d639abc98.png\"  alt=\"Nowe wezwanie do dzia\u0142ania\" src=\"data:image\/svg+xml;base64,PHN2ZyB3aWR0aD0iMSIgaGVpZ2h0PSIxIiB4bWxucz0iaHR0cDovL3d3dy53My5vcmcvMjAwMC9zdmciPjwvc3ZnPg==\" \/><\/a><\/span><script charset=\"utf-8\" src=\"https:\/\/js-eu1.hscta.net\/cta\/current.js\"><\/script><script type=\"text\/javascript\"> hbspt.cta.load(25646044, '9d4aa58d-1ab7-4301-b000-ac3d639abc98', {\"useNewLoader\":\"true\",\"region\":\"eu1\"}); <\/script><\/span><!-- end HubSpot Call-to-Action Code -->\n<\/div><style type=\"text\/css\">\r\n@media screen and (min-width: 1201px) {\r\n.ahtab69f2b15f13d8c {\r\ndisplay: block;\r\n}\r\n}\r\n@media screen and (min-width: 993px) and (max-width: 1200px) {\r\n.ahtab69f2b15f13d8c {\r\ndisplay: block;\r\n}\r\n}\r\n@media screen and (min-width: 769px) and (max-width: 992px) {\r\n.ahtab69f2b15f13d8c {\r\ndisplay: block;\r\n}\r\n}\r\n@media screen and (min-width: 768px) and (max-width: 768px) {\r\n.ahtab69f2b15f13d8c {\r\ndisplay: block;\r\n}\r\n}\r\n@media screen and (max-width: 767px) {\r\n.ahtab69f2b15f13d8c {\r\ndisplay: block;\r\n}\r\n}\r\n<\/style>\r\n<div class=\"zfwdg69f2b15f13d06\" ><!-- Social Media -->\n<!--HubSpot Call-to-Action Code --><span class=\"hs-cta-wrapper\" id=\"hs-cta-wrapper-387c3571-1376-4b17-bb02-3ee7c0d54013\"><span class=\"hs-cta-node hs-cta-387c3571-1376-4b17-bb02-3ee7c0d54013\" id=\"hs-cta-387c3571-1376-4b17-bb02-3ee7c0d54013\"><!--[if lte IE 8]><div id=\"hs-cta-ie-element\"><\/div><![endif]--><a href=\"https:\/\/hubspot-cta-redirect-eu1-prod.s3.amazonaws.com\/cta\/redirect\/25646044\/387c3571-1376-4b17-bb02-3ee7c0d54013\" target=\"_blank\" rel=\"noopener\"><img class=\"hs-cta-img colorbox-12295 lazyload\" id=\"hs-cta-img-387c3571-1376-4b17-bb02-3ee7c0d54013\" style=\"border-width:0px;\" data-src=\"https:\/\/hubspot-no-cache-eu1-prod.s3.amazonaws.com\/cta\/default\/25646044\/387c3571-1376-4b17-bb02-3ee7c0d54013.png\"  alt=\"Nowe wezwanie do dzia\u0142ania\" src=\"data:image\/svg+xml;base64,PHN2ZyB3aWR0aD0iMSIgaGVpZ2h0PSIxIiB4bWxucz0iaHR0cDovL3d3dy53My5vcmcvMjAwMC9zdmciPjwvc3ZnPg==\" \/><\/a><\/span><script charset=\"utf-8\" src=\"https:\/\/js-eu1.hscta.net\/cta\/current.js\"><\/script><script type=\"text\/javascript\"> hbspt.cta.load(25646044, '387c3571-1376-4b17-bb02-3ee7c0d54013', {\"useNewLoader\":\"true\",\"region\":\"eu1\"}); <\/script><\/span><!-- end HubSpot Call-to-Action Code -->\n<\/div><style type=\"text\/css\">\r\n@media screen and (min-width: 1201px) {\r\n.zfwdg69f2b15f13d06 {\r\ndisplay: block;\r\n}\r\n}\r\n@media screen and (min-width: 993px) and (max-width: 1200px) {\r\n.zfwdg69f2b15f13d06 {\r\ndisplay: block;\r\n}\r\n}\r\n@media screen and (min-width: 769px) and (max-width: 992px) {\r\n.zfwdg69f2b15f13d06 {\r\ndisplay: block;\r\n}\r\n}\r\n@media screen and (min-width: 768px) and (max-width: 768px) {\r\n.zfwdg69f2b15f13d06 {\r\ndisplay: block;\r\n}\r\n}\r\n@media screen and (max-width: 767px) {\r\n.zfwdg69f2b15f13d06 {\r\ndisplay: block;\r\n}\r\n}\r\n<\/style>\r\n<div class=\"yhkou69f2b15f13c78\" ><!-- Copywriting -->\n<!--HubSpot Call-to-Action Code --><span class=\"hs-cta-wrapper\" id=\"hs-cta-wrapper-0d4fb5f3-b88d-4456-a7be-207e7a27d1d8\"><span class=\"hs-cta-node hs-cta-0d4fb5f3-b88d-4456-a7be-207e7a27d1d8\" id=\"hs-cta-0d4fb5f3-b88d-4456-a7be-207e7a27d1d8\"><!--[if lte IE 8]><div id=\"hs-cta-ie-element\"><\/div><![endif]--><a href=\"https:\/\/hubspot-cta-redirect-eu1-prod.s3.amazonaws.com\/cta\/redirect\/25646044\/0d4fb5f3-b88d-4456-a7be-207e7a27d1d8\" target=\"_blank\" rel=\"noopener, nofollow\"><img class=\"hs-cta-img colorbox-12295 lazyload\" id=\"hs-cta-img-0d4fb5f3-b88d-4456-a7be-207e7a27d1d8\" style=\"border-width:0px;\" data-src=\"https:\/\/hubspot-no-cache-eu1-prod.s3.amazonaws.com\/cta\/default\/25646044\/0d4fb5f3-b88d-4456-a7be-207e7a27d1d8.png\"  alt=\"e-book Jak tworzy\u0107 tre\u015bci, kt\u00f3re przyci\u0105gn\u0105 Twoich klient\u00f3w\" src=\"data:image\/svg+xml;base64,PHN2ZyB3aWR0aD0iMSIgaGVpZ2h0PSIxIiB4bWxucz0iaHR0cDovL3d3dy53My5vcmcvMjAwMC9zdmciPjwvc3ZnPg==\" \/><\/a><\/span><script charset=\"utf-8\" src=\"https:\/\/js-eu1.hscta.net\/cta\/current.js\"><\/script><script type=\"text\/javascript\"> hbspt.cta.load(25646044, '0d4fb5f3-b88d-4456-a7be-207e7a27d1d8', {\"useNewLoader\":\"true\",\"region\":\"eu1\"}); <\/script><\/span><!-- end HubSpot Call-to-Action Code -->\n<\/div><style type=\"text\/css\">\r\n@media screen and (min-width: 1201px) {\r\n.yhkou69f2b15f13c78 {\r\ndisplay: block;\r\n}\r\n}\r\n@media screen and (min-width: 993px) and (max-width: 1200px) {\r\n.yhkou69f2b15f13c78 {\r\ndisplay: block;\r\n}\r\n}\r\n@media screen and (min-width: 769px) and (max-width: 992px) {\r\n.yhkou69f2b15f13c78 {\r\ndisplay: block;\r\n}\r\n}\r\n@media screen and (min-width: 768px) and (max-width: 768px) {\r\n.yhkou69f2b15f13c78 {\r\ndisplay: block;\r\n}\r\n}\r\n@media screen and (max-width: 767px) {\r\n.yhkou69f2b15f13c78 {\r\ndisplay: block;\r\n}\r\n}\r\n<\/style>\r\n<div class=\"kczxv69f2b15f13bd6\" ><!-- SEO1 -->\n<!--HubSpot Call-to-Action Code --><span class=\"hs-cta-wrapper\" id=\"hs-cta-wrapper-2e440e3a-91d6-4b6d-8268-289ea3a8329b\"><span class=\"hs-cta-node hs-cta-2e440e3a-91d6-4b6d-8268-289ea3a8329b\" id=\"hs-cta-2e440e3a-91d6-4b6d-8268-289ea3a8329b\"><!--[if lte IE 8]><div id=\"hs-cta-ie-element\"><\/div><![endif]--><a href=\"https:\/\/hubspot-cta-redirect-eu1-prod.s3.amazonaws.com\/cta\/redirect\/25646044\/2e440e3a-91d6-4b6d-8268-289ea3a8329b\" target=\"_blank\" rel=\"noopener\"><img class=\"hs-cta-img colorbox-12295 lazyload\" id=\"hs-cta-img-2e440e3a-91d6-4b6d-8268-289ea3a8329b\" style=\"border-width:0px;\" data-src=\"https:\/\/hubspot-no-cache-eu1-prod.s3.amazonaws.com\/cta\/default\/25646044\/2e440e3a-91d6-4b6d-8268-289ea3a8329b.png\"  alt=\"e-book SEO lokalne od A do Z\" src=\"data:image\/svg+xml;base64,PHN2ZyB3aWR0aD0iMSIgaGVpZ2h0PSIxIiB4bWxucz0iaHR0cDovL3d3dy53My5vcmcvMjAwMC9zdmciPjwvc3ZnPg==\" \/><\/a><\/span><script charset=\"utf-8\" src=\"https:\/\/js-eu1.hscta.net\/cta\/current.js\"><\/script><script type=\"text\/javascript\"> hbspt.cta.load(25646044, '2e440e3a-91d6-4b6d-8268-289ea3a8329b', {\"useNewLoader\":\"true\",\"region\":\"eu1\"}); <\/script><\/span><!-- end HubSpot Call-to-Action Code -->\n<\/div><style type=\"text\/css\">\r\n@media screen and (min-width: 1201px) {\r\n.kczxv69f2b15f13bd6 {\r\ndisplay: block;\r\n}\r\n}\r\n@media screen and (min-width: 993px) and (max-width: 1200px) {\r\n.kczxv69f2b15f13bd6 {\r\ndisplay: block;\r\n}\r\n}\r\n@media screen and (min-width: 769px) and (max-width: 992px) {\r\n.kczxv69f2b15f13bd6 {\r\ndisplay: block;\r\n}\r\n}\r\n@media screen and (min-width: 768px) and (max-width: 768px) {\r\n.kczxv69f2b15f13bd6 {\r\ndisplay: block;\r\n}\r\n}\r\n@media screen and (max-width: 767px) {\r\n.kczxv69f2b15f13bd6 {\r\ndisplay: block;\r\n}\r\n}\r\n<\/style>\r\n<div class=\"sxrui69f2b15f13b44\" ><!-- SEM -->\n<!--HubSpot Call-to-Action Code --><span class=\"hs-cta-wrapper\" id=\"hs-cta-wrapper-f76cfdbf-3591-4dda-828b-092125eedb42\"><span class=\"hs-cta-node hs-cta-f76cfdbf-3591-4dda-828b-092125eedb42\" id=\"hs-cta-f76cfdbf-3591-4dda-828b-092125eedb42\"><!--[if lte IE 8]><div id=\"hs-cta-ie-element\"><\/div><![endif]--><a href=\"https:\/\/hubspot-cta-redirect-eu1-prod.s3.amazonaws.com\/cta\/redirect\/25646044\/f76cfdbf-3591-4dda-828b-092125eedb42\" target=\"_blank\" rel=\"noopener\"><img class=\"hs-cta-img colorbox-12295 lazyload\" id=\"hs-cta-img-f76cfdbf-3591-4dda-828b-092125eedb42\" style=\"border-width:0px;\" data-src=\"https:\/\/hubspot-no-cache-eu1-prod.s3.amazonaws.com\/cta\/default\/25646044\/f76cfdbf-3591-4dda-828b-092125eedb42.png\"  alt=\"e-book Jak promowa\u0107 firm\u0119 na lokalnym rynku\" src=\"data:image\/svg+xml;base64,PHN2ZyB3aWR0aD0iMSIgaGVpZ2h0PSIxIiB4bWxucz0iaHR0cDovL3d3dy53My5vcmcvMjAwMC9zdmciPjwvc3ZnPg==\" \/><\/a><\/span><script charset=\"utf-8\" src=\"https:\/\/js-eu1.hscta.net\/cta\/current.js\"><\/script><script type=\"text\/javascript\"> hbspt.cta.load(25646044, 'f76cfdbf-3591-4dda-828b-092125eedb42', {\"useNewLoader\":\"true\",\"region\":\"eu1\"}); <\/script><\/span><!-- end HubSpot Call-to-Action Code -->\n<\/div><style type=\"text\/css\">\r\n@media screen and (min-width: 1201px) {\r\n.sxrui69f2b15f13b44 {\r\ndisplay: block;\r\n}\r\n}\r\n@media screen and (min-width: 993px) and (max-width: 1200px) {\r\n.sxrui69f2b15f13b44 {\r\ndisplay: block;\r\n}\r\n}\r\n@media screen and (min-width: 769px) and (max-width: 992px) {\r\n.sxrui69f2b15f13b44 {\r\ndisplay: block;\r\n}\r\n}\r\n@media screen and (min-width: 768px) and (max-width: 768px) {\r\n.sxrui69f2b15f13b44 {\r\ndisplay: block;\r\n}\r\n}\r\n@media screen and (max-width: 767px) {\r\n.sxrui69f2b15f13b44 {\r\ndisplay: block;\r\n}\r\n}\r\n<\/style>\r\n<div class=\"zyiwj69f2b15f13aa2\" ><div style=\"margin: 20px 0px;\">\n                <!--HubSpot Call-to-Action Code --><span class=\"hs-cta-wrapper\" id=\"hs-cta-wrapper-d24c93bc-7b60-4339-bff4-106b7c262800\"><span class=\"hs-cta-node hs-cta-d24c93bc-7b60-4339-bff4-106b7c262800\" id=\"hs-cta-d24c93bc-7b60-4339-bff4-106b7c262800\"><!--[if lte IE 8]><div id=\"hs-cta-ie-element\"><\/div><![endif]--><a href=\"https:\/\/hubspot-cta-redirect-eu1-prod.s3.amazonaws.com\/cta\/redirect\/25646044\/d24c93bc-7b60-4339-bff4-106b7c262800\" target=\"_blank\" rel=\"noopener\"><img class=\"hs-cta-img colorbox-12295 lazyload\" id=\"hs-cta-img-d24c93bc-7b60-4339-bff4-106b7c262800\" style=\"border-width:0px;\" data-src=\"https:\/\/hubspot-no-cache-eu1-prod.s3.amazonaws.com\/cta\/default\/25646044\/d24c93bc-7b60-4339-bff4-106b7c262800.png\"  alt=\"jak za\u0142o\u017cy\u0107 sklep internetowy - pobierz e-booka \" src=\"data:image\/svg+xml;base64,PHN2ZyB3aWR0aD0iMSIgaGVpZ2h0PSIxIiB4bWxucz0iaHR0cDovL3d3dy53My5vcmcvMjAwMC9zdmciPjwvc3ZnPg==\" \/><\/a><\/span><script charset=\"utf-8\" src=\"https:\/\/js-eu1.hscta.net\/cta\/current.js\"><\/script><script type=\"text\/javascript\"> hbspt.cta.load(25646044, 'd24c93bc-7b60-4339-bff4-106b7c262800', {\"useNewLoader\":\"true\",\"region\":\"eu1\"}); <\/script><\/span><!-- end HubSpot Call-to-Action Code -->\n            <\/div><\/div><style type=\"text\/css\">\r\n@media screen and (min-width: 1201px) {\r\n.zyiwj69f2b15f13aa2 {\r\ndisplay: block;\r\n}\r\n}\r\n@media screen and (min-width: 993px) and (max-width: 1200px) {\r\n.zyiwj69f2b15f13aa2 {\r\ndisplay: block;\r\n}\r\n}\r\n@media screen and (min-width: 769px) and (max-width: 992px) {\r\n.zyiwj69f2b15f13aa2 {\r\ndisplay: block;\r\n}\r\n}\r\n@media screen and (min-width: 768px) and (max-width: 768px) {\r\n.zyiwj69f2b15f13aa2 {\r\ndisplay: block;\r\n}\r\n}\r\n@media screen and (max-width: 767px) {\r\n.zyiwj69f2b15f13aa2 {\r\ndisplay: block;\r\n}\r\n}\r\n<\/style>\r\n\n    <\/div>\n  <\/div>\n\n<\/div>\n\n\n<div class=\"kk-star-ratings kksr-auto kksr-align-left kksr-valign-bottom\"\n    data-payload='{&quot;align&quot;:&quot;left&quot;,&quot;id&quot;:&quot;12295&quot;,&quot;slug&quot;:&quot;default&quot;,&quot;valign&quot;:&quot;bottom&quot;,&quot;ignore&quot;:&quot;&quot;,&quot;reference&quot;:&quot;auto&quot;,&quot;class&quot;:&quot;&quot;,&quot;count&quot;:&quot;0&quot;,&quot;legendonly&quot;:&quot;&quot;,&quot;readonly&quot;:&quot;&quot;,&quot;score&quot;:&quot;0&quot;,&quot;starsonly&quot;:&quot;&quot;,&quot;best&quot;:&quot;5&quot;,&quot;gap&quot;:&quot;5&quot;,&quot;greet&quot;:&quot;Rate this post&quot;,&quot;legend&quot;:&quot;0\\\/5 - (0 ocena)&quot;,&quot;size&quot;:&quot;22&quot;,&quot;title&quot;:&quot;Od kiedy KSeF jest obowi\u0105zkowy i dla kogo? Najwa\u017cniejsze informacje&quot;,&quot;width&quot;:&quot;0&quot;,&quot;_legend&quot;:&quot;{score}\\\/{best} - ({count} ocena)&quot;,&quot;font_factor&quot;:&quot;1.25&quot;}'>\n            \n<div class=\"kksr-stars\">\n    \n<div class=\"kksr-stars-inactive\">\n            <div class=\"kksr-star\" data-star=\"1\" style=\"padding-right: 5px\">\n            \n\n<div class=\"kksr-icon\" style=\"width: 22px; height: 22px;\"><\/div>\n        <\/div>\n            <div class=\"kksr-star\" data-star=\"2\" style=\"padding-right: 5px\">\n            \n\n<div class=\"kksr-icon\" style=\"width: 22px; height: 22px;\"><\/div>\n        <\/div>\n            <div class=\"kksr-star\" data-star=\"3\" style=\"padding-right: 5px\">\n            \n\n<div class=\"kksr-icon\" style=\"width: 22px; height: 22px;\"><\/div>\n        <\/div>\n            <div class=\"kksr-star\" data-star=\"4\" style=\"padding-right: 5px\">\n            \n\n<div class=\"kksr-icon\" style=\"width: 22px; height: 22px;\"><\/div>\n        <\/div>\n            <div class=\"kksr-star\" data-star=\"5\" style=\"padding-right: 5px\">\n            \n\n<div class=\"kksr-icon\" style=\"width: 22px; height: 22px;\"><\/div>\n        <\/div>\n    <\/div>\n    \n<div class=\"kksr-stars-active\" style=\"width: 0px;\">\n            <div class=\"kksr-star\" style=\"padding-right: 5px\">\n            \n\n<div class=\"kksr-icon\" style=\"width: 22px; height: 22px;\"><\/div>\n        <\/div>\n            <div class=\"kksr-star\" style=\"padding-right: 5px\">\n            \n\n<div class=\"kksr-icon\" style=\"width: 22px; height: 22px;\"><\/div>\n        <\/div>\n            <div class=\"kksr-star\" style=\"padding-right: 5px\">\n            \n\n<div class=\"kksr-icon\" style=\"width: 22px; height: 22px;\"><\/div>\n        <\/div>\n            <div class=\"kksr-star\" style=\"padding-right: 5px\">\n            \n\n<div class=\"kksr-icon\" style=\"width: 22px; height: 22px;\"><\/div>\n        <\/div>\n            <div class=\"kksr-star\" style=\"padding-right: 5px\">\n            \n\n<div class=\"kksr-icon\" style=\"width: 22px; height: 22px;\"><\/div>\n        <\/div>\n    <\/div>\n<\/div>\n                \n\n<div class=\"kksr-legend\" style=\"font-size: 17.6px;\">\n            <span class=\"kksr-muted\">Rate this post<\/span>\n    <\/div>\n    <\/div>\n","protected":false},"excerpt":{"rendered":"<p>Je\u015bli prowadzisz firm\u0119, doskonale wiesz, jak wiele czasu zajmuje Ci wystawianie faktur i nadz\u00f3r nad ksi\u0119gowo\u015bci\u0105. Od 2026 roku ten proces zmieni si\u0119 diametralnie, poniewa\u017c Krajowy System e-Faktur (KSeF) stanie si\u0119 obowi\u0105zkowy. To oznacza, \u017ce ju\u017c nied\u0142ugo nie b\u0119dziesz m\u00f3g\u0142 wystawi\u0107 wi\u0119kszo\u015bci faktur B2B i B2G (dla instytucji publicznych) inaczej ni\u017c przez ten system. Brzmi [&hellip;]<\/p>\n","protected":false},"author":101041,"featured_media":12300,"comment_status":"open","ping_status":"closed","sticky":false,"template":"","format":"standard","meta":{"_acf_changed":false,"_jetpack_newsletter_access":"","_jetpack_dont_email_post_to_subs":false,"_jetpack_newsletter_tier_id":0,"_jetpack_memberships_contains_paywalled_content":false,"_jetpack_memberships_contains_paid_content":false,"footnotes":""},"categories":[377],"tags":[],"class_list":["post-12295","post","type-post","status-publish","format-standard","has-post-thumbnail","hentry","category-zarzadzanie-firma"],"acf":[],"yoast_head":"<!-- This site is optimized with the Yoast SEO plugin v27.3 - https:\/\/yoast.com\/product\/yoast-seo-wordpress\/ -->\n<title>Od kiedy KSeF jest obowi\u0105zkowy i dla kogo? Najwa\u017cniejsze informacje - WeNet<\/title>\n<meta name=\"robots\" content=\"index, follow, max-snippet:-1, max-image-preview:large, max-video-preview:-1\" \/>\n<link rel=\"canonical\" href=\"https:\/\/wenet.pl\/blog\/od-kiedy-ksef-jest-obowiazkowy-i-dla-kogo-najwazniejsze-informacje\/\" \/>\n<meta property=\"og:locale\" content=\"pl_PL\" \/>\n<meta property=\"og:type\" content=\"article\" \/>\n<meta property=\"og:title\" content=\"Od kiedy KSeF jest obowi\u0105zkowy i dla kogo? Najwa\u017cniejsze informacje\" \/>\n<meta property=\"og:description\" content=\"Je\u015bli prowadzisz firm\u0119, doskonale wiesz, jak wiele czasu zajmuje Ci wystawianie faktur i nadz\u00f3r nad ksi\u0119gowo\u015bci\u0105. Od 2026 roku ten proces zmieni si\u0119 diametralnie, poniewa\u017c Krajowy System e-Faktur (KSeF) stanie si\u0119 obowi\u0105zkowy. To oznacza, \u017ce ju\u017c nied\u0142ugo nie b\u0119dziesz m\u00f3g\u0142 wystawi\u0107 wi\u0119kszo\u015bci faktur B2B i B2G (dla instytucji publicznych) inaczej ni\u017c przez ten system. Brzmi [&hellip;]\" \/>\n<meta property=\"og:url\" content=\"https:\/\/wenet.pl\/blog\/od-kiedy-ksef-jest-obowiazkowy-i-dla-kogo-najwazniejsze-informacje\/\" \/>\n<meta property=\"og:site_name\" content=\"WeNet\" \/>\n<meta property=\"article:publisher\" content=\"https:\/\/www.facebook.com\/WeNet.Group\/\" \/>\n<meta property=\"article:published_time\" content=\"2025-10-06T11:47:08+00:00\" \/>\n<meta property=\"article:modified_time\" content=\"2026-04-28T09:45:25+00:00\" \/>\n<meta property=\"og:image\" content=\"https:\/\/wenet.pl\/blog\/wp-content\/uploads\/2025\/10\/KSeF_najwazniejsze-informacje-min-1-scaled.jpg\" \/>\n\t<meta property=\"og:image:width\" content=\"2560\" \/>\n\t<meta property=\"og:image:height\" content=\"1707\" \/>\n\t<meta property=\"og:image:type\" content=\"image\/jpeg\" \/>\n<meta name=\"author\" content=\"Joanna Opala\" \/>\n<meta name=\"twitter:card\" content=\"summary_large_image\" \/>\n<meta name=\"twitter:label1\" content=\"Napisane przez\" \/>\n\t<meta name=\"twitter:data1\" content=\"Joanna Opala\" \/>\n\t<meta name=\"twitter:label2\" content=\"Szacowany czas czytania\" \/>\n\t<meta name=\"twitter:data2\" content=\"1 minuta\" \/>\n<!-- \/ Yoast SEO plugin. -->","yoast_head_json":{"title":"Od kiedy KSeF jest obowi\u0105zkowy i dla kogo? Najwa\u017cniejsze informacje - WeNet","robots":{"index":"index","follow":"follow","max-snippet":"max-snippet:-1","max-image-preview":"max-image-preview:large","max-video-preview":"max-video-preview:-1"},"canonical":"https:\/\/wenet.pl\/blog\/od-kiedy-ksef-jest-obowiazkowy-i-dla-kogo-najwazniejsze-informacje\/","og_locale":"pl_PL","og_type":"article","og_title":"Od kiedy KSeF jest obowi\u0105zkowy i dla kogo? Najwa\u017cniejsze informacje","og_description":"Je\u015bli prowadzisz firm\u0119, doskonale wiesz, jak wiele czasu zajmuje Ci wystawianie faktur i nadz\u00f3r nad ksi\u0119gowo\u015bci\u0105. Od 2026 roku ten proces zmieni si\u0119 diametralnie, poniewa\u017c Krajowy System e-Faktur (KSeF) stanie si\u0119 obowi\u0105zkowy. To oznacza, \u017ce ju\u017c nied\u0142ugo nie b\u0119dziesz m\u00f3g\u0142 wystawi\u0107 wi\u0119kszo\u015bci faktur B2B i B2G (dla instytucji publicznych) inaczej ni\u017c przez ten system. Brzmi [&hellip;]","og_url":"https:\/\/wenet.pl\/blog\/od-kiedy-ksef-jest-obowiazkowy-i-dla-kogo-najwazniejsze-informacje\/","og_site_name":"WeNet","article_publisher":"https:\/\/www.facebook.com\/WeNet.Group\/","article_published_time":"2025-10-06T11:47:08+00:00","article_modified_time":"2026-04-28T09:45:25+00:00","og_image":[{"width":2560,"height":1707,"url":"https:\/\/wenet.pl\/blog\/wp-content\/uploads\/2025\/10\/KSeF_najwazniejsze-informacje-min-1-scaled.jpg","type":"image\/jpeg"}],"author":"Joanna Opala","twitter_card":"summary_large_image","twitter_misc":{"Napisane przez":"Joanna Opala","Szacowany czas czytania":"1 minuta"},"schema":{"@context":"https:\/\/schema.org","@graph":[{"@type":"Article","@id":"https:\/\/wenet.pl\/blog\/od-kiedy-ksef-jest-obowiazkowy-i-dla-kogo-najwazniejsze-informacje\/#article","isPartOf":{"@id":"https:\/\/wenet.pl\/blog\/od-kiedy-ksef-jest-obowiazkowy-i-dla-kogo-najwazniejsze-informacje\/"},"author":{"name":"Joanna Opala","@id":"https:\/\/wenet.pl\/blog\/#\/schema\/person\/dffe60b08e87f8fcded8116e2ef3cae2"},"headline":"Od kiedy KSeF jest obowi\u0105zkowy i dla kogo? Najwa\u017cniejsze informacje","datePublished":"2025-10-06T11:47:08+00:00","dateModified":"2026-04-28T09:45:25+00:00","mainEntityOfPage":{"@id":"https:\/\/wenet.pl\/blog\/od-kiedy-ksef-jest-obowiazkowy-i-dla-kogo-najwazniejsze-informacje\/"},"wordCount":3222,"commentCount":0,"publisher":{"@id":"https:\/\/wenet.pl\/blog\/#organization"},"image":{"@id":"https:\/\/wenet.pl\/blog\/od-kiedy-ksef-jest-obowiazkowy-i-dla-kogo-najwazniejsze-informacje\/#primaryimage"},"thumbnailUrl":"https:\/\/wenet.pl\/blog\/wp-content\/uploads\/2025\/10\/KSeF_najwazniejsze-informacje-min-1-scaled.jpg","articleSection":["Zarz\u0105dzanie firm\u0105"],"inLanguage":"pl-PL","potentialAction":[{"@type":"CommentAction","name":"Comment","target":["https:\/\/wenet.pl\/blog\/od-kiedy-ksef-jest-obowiazkowy-i-dla-kogo-najwazniejsze-informacje\/#respond"]}]},{"@type":"WebPage","@id":"https:\/\/wenet.pl\/blog\/od-kiedy-ksef-jest-obowiazkowy-i-dla-kogo-najwazniejsze-informacje\/","url":"https:\/\/wenet.pl\/blog\/od-kiedy-ksef-jest-obowiazkowy-i-dla-kogo-najwazniejsze-informacje\/","name":"Od kiedy KSeF jest obowi\u0105zkowy i dla kogo? Najwa\u017cniejsze informacje","isPartOf":{"@id":"https:\/\/wenet.pl\/blog\/#website"},"primaryImageOfPage":{"@id":"https:\/\/wenet.pl\/blog\/od-kiedy-ksef-jest-obowiazkowy-i-dla-kogo-najwazniejsze-informacje\/#primaryimage"},"image":{"@id":"https:\/\/wenet.pl\/blog\/od-kiedy-ksef-jest-obowiazkowy-i-dla-kogo-najwazniejsze-informacje\/#primaryimage"},"thumbnailUrl":"https:\/\/wenet.pl\/blog\/wp-content\/uploads\/2025\/10\/KSeF_najwazniejsze-informacje-min-1-scaled.jpg","datePublished":"2025-10-06T11:47:08+00:00","dateModified":"2026-04-28T09:45:25+00:00","breadcrumb":{"@id":"https:\/\/wenet.pl\/blog\/od-kiedy-ksef-jest-obowiazkowy-i-dla-kogo-najwazniejsze-informacje\/#breadcrumb"},"inLanguage":"pl-PL","potentialAction":[{"@type":"ReadAction","target":["https:\/\/wenet.pl\/blog\/od-kiedy-ksef-jest-obowiazkowy-i-dla-kogo-najwazniejsze-informacje\/"]}]},{"@type":"ImageObject","inLanguage":"pl-PL","@id":"https:\/\/wenet.pl\/blog\/od-kiedy-ksef-jest-obowiazkowy-i-dla-kogo-najwazniejsze-informacje\/#primaryimage","url":"https:\/\/wenet.pl\/blog\/wp-content\/uploads\/2025\/10\/KSeF_najwazniejsze-informacje-min-1-scaled.jpg","contentUrl":"https:\/\/wenet.pl\/blog\/wp-content\/uploads\/2025\/10\/KSeF_najwazniejsze-informacje-min-1-scaled.jpg","width":2560,"height":1707,"caption":"Od kiedy KSeF jest obowi\u0105zkowy i dla kogo?"},{"@type":"BreadcrumbList","@id":"https:\/\/wenet.pl\/blog\/od-kiedy-ksef-jest-obowiazkowy-i-dla-kogo-najwazniejsze-informacje\/#breadcrumb","itemListElement":[{"@type":"ListItem","position":1,"name":"Blog","item":"https:\/\/wenet.pl\/blog\/"},{"@type":"ListItem","position":2,"name":"Od kiedy KSeF jest obowi\u0105zkowy i dla kogo? Najwa\u017cniejsze informacje"}]},{"@type":"WebSite","@id":"https:\/\/wenet.pl\/blog\/#website","url":"https:\/\/wenet.pl\/blog\/","name":"WeNet","description":"","publisher":{"@id":"https:\/\/wenet.pl\/blog\/#organization"},"potentialAction":[{"@type":"SearchAction","target":{"@type":"EntryPoint","urlTemplate":"https:\/\/wenet.pl\/blog\/?s={search_term_string}"},"query-input":{"@type":"PropertyValueSpecification","valueRequired":true,"valueName":"search_term_string"}}],"inLanguage":"pl-PL"},{"@type":"Organization","@id":"https:\/\/wenet.pl\/blog\/#organization","name":"WeNet","url":"https:\/\/wenet.pl\/blog\/","logo":{"@type":"ImageObject","inLanguage":"pl-PL","@id":"https:\/\/wenet.pl\/blog\/#\/schema\/logo\/image\/","url":"https:\/\/wenet.pl\/blog\/wp-content\/uploads\/2021\/10\/logo-wenet-1.png","contentUrl":"https:\/\/wenet.pl\/blog\/wp-content\/uploads\/2021\/10\/logo-wenet-1.png","width":234,"height":56,"caption":"WeNet"},"image":{"@id":"https:\/\/wenet.pl\/blog\/#\/schema\/logo\/image\/"},"sameAs":["https:\/\/www.facebook.com\/WeNet.Group\/"]},{"@type":"Person","@id":"https:\/\/wenet.pl\/blog\/#\/schema\/person\/dffe60b08e87f8fcded8116e2ef3cae2","name":"Joanna Opala","image":{"@type":"ImageObject","inLanguage":"pl-PL","@id":"https:\/\/wenet.pl\/blog\/wp-content\/uploads\/2025\/10\/wenet-blog.png","url":"https:\/\/wenet.pl\/blog\/wp-content\/uploads\/2025\/10\/wenet-blog.png","contentUrl":"https:\/\/wenet.pl\/blog\/wp-content\/uploads\/2025\/10\/wenet-blog.png","caption":"Joanna Opala"},"description":"Specjalistka ds. Contentu w WeNet. Do\u015bwiadczenie w pisaniu i redagowaniu tekst\u00f3w zdobywa\u0142a w redakcji portalu internetowego oraz magazynu. Jej zainteresowanie marketingiem internetowym rozpocz\u0119\u0142o si\u0119 podczas pracy w agencji marketingowej, a nast\u0119pnie nabra\u0142o tempa w firmie e-learningowej.","url":"https:\/\/wenet.pl\/blog\/author\/jopala\/"}]}},"jetpack_featured_media_url":"https:\/\/wenet.pl\/blog\/wp-content\/uploads\/2025\/10\/KSeF_najwazniejsze-informacje-min-1-scaled.jpg","jetpack_shortlink":"https:\/\/wp.me\/p5muuP-3cj","jetpack_sharing_enabled":true,"_links":{"self":[{"href":"https:\/\/wenet.pl\/blog\/wp-json\/wp\/v2\/posts\/12295","targetHints":{"allow":["GET"]}}],"collection":[{"href":"https:\/\/wenet.pl\/blog\/wp-json\/wp\/v2\/posts"}],"about":[{"href":"https:\/\/wenet.pl\/blog\/wp-json\/wp\/v2\/types\/post"}],"author":[{"embeddable":true,"href":"https:\/\/wenet.pl\/blog\/wp-json\/wp\/v2\/users\/101041"}],"replies":[{"embeddable":true,"href":"https:\/\/wenet.pl\/blog\/wp-json\/wp\/v2\/comments?post=12295"}],"version-history":[{"count":13,"href":"https:\/\/wenet.pl\/blog\/wp-json\/wp\/v2\/posts\/12295\/revisions"}],"predecessor-version":[{"id":13981,"href":"https:\/\/wenet.pl\/blog\/wp-json\/wp\/v2\/posts\/12295\/revisions\/13981"}],"wp:featuredmedia":[{"embeddable":true,"href":"https:\/\/wenet.pl\/blog\/wp-json\/wp\/v2\/media\/12300"}],"wp:attachment":[{"href":"https:\/\/wenet.pl\/blog\/wp-json\/wp\/v2\/media?parent=12295"}],"wp:term":[{"taxonomy":"category","embeddable":true,"href":"https:\/\/wenet.pl\/blog\/wp-json\/wp\/v2\/categories?post=12295"},{"taxonomy":"post_tag","embeddable":true,"href":"https:\/\/wenet.pl\/blog\/wp-json\/wp\/v2\/tags?post=12295"}],"curies":[{"name":"wp","href":"https:\/\/api.w.org\/{rel}","templated":true}]}}