{"id":3307,"date":"2024-08-09T15:56:41","date_gmt":"2024-08-09T13:56:41","guid":{"rendered":"https:\/\/prodblog.wenet.pl\/?p=3307"},"modified":"2024-08-09T15:58:14","modified_gmt":"2024-08-09T13:58:14","slug":"wymiary-grafik-dla-facebooka","status":"publish","type":"post","link":"https:\/\/wenet.pl\/blog\/wymiary-grafik-dla-facebooka\/","title":{"rendered":"Jakie s\u0105 wymiary grafik dla Facebooka?"},"content":{"rendered":"\n<figure class=\"wp-block-image size-full\"><img decoding=\"async\" width=\"1080\" height=\"720\" data-src=\"https:\/\/wenet.pl\/blog\/wp-content\/uploads\/2023\/08\/facebook-wymiary-zdjec-min.jpg\" alt=\"wymiary zdj\u0119\u0107 fb jakie s\u0105 aktualne\" class=\"wp-image-8712 colorbox-3307 lazyload\" data-srcset=\"https:\/\/wenet.pl\/blog\/wp-content\/uploads\/2023\/08\/facebook-wymiary-zdjec-min.jpg 1080w, https:\/\/wenet.pl\/blog\/wp-content\/uploads\/2023\/08\/facebook-wymiary-zdjec-min-450x300.jpg 450w, https:\/\/wenet.pl\/blog\/wp-content\/uploads\/2023\/08\/facebook-wymiary-zdjec-min-200x133.jpg 200w, https:\/\/wenet.pl\/blog\/wp-content\/uploads\/2023\/08\/facebook-wymiary-zdjec-min-768x512.jpg 768w, https:\/\/wenet.pl\/blog\/wp-content\/uploads\/2023\/08\/facebook-wymiary-zdjec-min-696x464.jpg 696w, https:\/\/wenet.pl\/blog\/wp-content\/uploads\/2023\/08\/facebook-wymiary-zdjec-min-1068x712.jpg 1068w, https:\/\/wenet.pl\/blog\/wp-content\/uploads\/2023\/08\/facebook-wymiary-zdjec-min-630x420.jpg 630w\" data-sizes=\"(max-width: 1080px) 100vw, 1080px\" src=\"data:image\/svg+xml;base64,PHN2ZyB3aWR0aD0iMSIgaGVpZ2h0PSIxIiB4bWxucz0iaHR0cDovL3d3dy53My5vcmcvMjAwMC9zdmciPjwvc3ZnPg==\" style=\"--smush-placeholder-width: 1080px; --smush-placeholder-aspect-ratio: 1080\/720;\" \/><\/figure>\n\n\n\n<p><strong>Kolejny raz zastanawiasz si\u0119, jakie s\u0105 odpowiednie wymiary grafik na Facebooku? Jaki przyk\u0142adowo formaty powinno mie\u0107 zdj\u0119cie w tle, grafika do Facebook Stories albo jaki wsp\u00f3\u0142czynnik proporcji jest najlepszy dla postu pionowego na tablicy? Wymiary poszczeg\u00f3lnych grafik zmieniaj\u0105 si\u0119 co jaki\u015b czas, dlatego warto by\u0107 na bie\u017c\u0105co z wytycznymi platformy. Zapoznaj si\u0119 z naszym przewodnikiem po rozmiarach grafik. Publikuj tre\u015bci wizualne, kt\u00f3re s\u0105 atrakcyjne, wysokiej jako\u015bci i zgodne z tym, co w zakresie grafik rekomenduje Facebook. <\/strong><\/p><div id=\"ez-toc-container\" class=\"ez-toc-v2_0_82_2 counter-hierarchy ez-toc-counter ez-toc-white ez-toc-container-direction\">\n<div class=\"ez-toc-title-container\">\n<p class=\"ez-toc-title\" style=\"cursor:inherit\">Spis tre\u015bci<\/p>\n<span class=\"ez-toc-title-toggle\"><a href=\"#\" class=\"ez-toc-pull-right ez-toc-btn ez-toc-btn-xs ez-toc-btn-default ez-toc-toggle\" aria-label=\"Prze\u0142\u0105cznik Spisu Tre\u015bci\"><span class=\"ez-toc-js-icon-con\"><span class=\"\"><span class=\"eztoc-hide\" style=\"display:none;\">Toggle<\/span><span class=\"ez-toc-icon-toggle-span\"><svg style=\"fill: #0a0a0a;color:#0a0a0a\" xmlns=\"http:\/\/www.w3.org\/2000\/svg\" class=\"list-377408\" width=\"20px\" height=\"20px\" viewBox=\"0 0 24 24\" fill=\"none\"><path d=\"M6 6H4v2h2V6zm14 0H8v2h12V6zM4 11h2v2H4v-2zm16 0H8v2h12v-2zM4 16h2v2H4v-2zm16 0H8v2h12v-2z\" fill=\"currentColor\"><\/path><\/svg><svg style=\"fill: #0a0a0a;color:#0a0a0a\" class=\"arrow-unsorted-368013\" xmlns=\"http:\/\/www.w3.org\/2000\/svg\" width=\"10px\" height=\"10px\" viewBox=\"0 0 24 24\" version=\"1.2\" baseProfile=\"tiny\"><path d=\"M18.2 9.3l-6.2-6.3-6.2 6.3c-.2.2-.3.4-.3.7s.1.5.3.7c.2.2.4.3.7.3h11c.3 0 .5-.1.7-.3.2-.2.3-.5.3-.7s-.1-.5-.3-.7zM5.8 14.7l6.2 6.3 6.2-6.3c.2-.2.3-.5.3-.7s-.1-.5-.3-.7c-.2-.2-.4-.3-.7-.3h-11c-.3 0-.5.1-.7.3-.2.2-.3.5-.3.7s.1.5.3.7z\"\/><\/svg><\/span><\/span><\/span><\/a><\/span><\/div>\n<nav><ul class='ez-toc-list ez-toc-list-level-1 ' ><li class='ez-toc-page-1 ez-toc-heading-level-2'><a class=\"ez-toc-link ez-toc-heading-1\" href=\"https:\/\/wenet.pl\/blog\/wymiary-grafik-dla-facebooka\/#Dlaczego_rozmiary_grafik_na_Facebooku_maja_takie_znaczenie\" >Dlaczego rozmiary grafik na Facebooku maj\u0105 takie znaczenie?<\/a><\/li><li class='ez-toc-page-1 ez-toc-heading-level-2'><a class=\"ez-toc-link ez-toc-heading-2\" href=\"https:\/\/wenet.pl\/blog\/wymiary-grafik-dla-facebooka\/#Aktualne_i_wlasciwe_wymiary_grafik_na_Facebooka\" >Aktualne i w\u0142a\u015bciwe wymiary grafik na Facebooka<\/a><ul class='ez-toc-list-level-3' ><li class='ez-toc-heading-level-3'><a class=\"ez-toc-link ez-toc-heading-3\" href=\"https:\/\/wenet.pl\/blog\/wymiary-grafik-dla-facebooka\/#Zdjecie_profilowe_FB_%E2%80%93_wymiary_optymalne\" >Zdj\u0119cie profilowe FB \u2013 wymiary optymalne<\/a><\/li><li class='ez-toc-page-1 ez-toc-heading-level-3'><a class=\"ez-toc-link ez-toc-heading-4\" href=\"https:\/\/wenet.pl\/blog\/wymiary-grafik-dla-facebooka\/#Wymiary_zdjecia_w_tle_na_Facebooku_cover_photo\" >Wymiary zdj\u0119cia w tle na Facebooku (cover photo)<\/a><\/li><li class='ez-toc-page-1 ez-toc-heading-level-3'><a class=\"ez-toc-link ez-toc-heading-5\" href=\"https:\/\/wenet.pl\/blog\/wymiary-grafik-dla-facebooka\/#Wymiary_dla_postow_pionowych\" >Wymiary dla post\u00f3w pionowych<\/a><\/li><li class='ez-toc-page-1 ez-toc-heading-level-3'><a class=\"ez-toc-link ez-toc-heading-6\" href=\"https:\/\/wenet.pl\/blog\/wymiary-grafik-dla-facebooka\/#Wymiar_postow_poziomych\" >Wymiar post\u00f3w poziomych<\/a><\/li><li class='ez-toc-page-1 ez-toc-heading-level-3'><a class=\"ez-toc-link ez-toc-heading-7\" href=\"https:\/\/wenet.pl\/blog\/wymiary-grafik-dla-facebooka\/#Kwadratowy_post_na_Facebooku\" >Kwadratowy post na Facebooku<\/a><\/li><li class='ez-toc-page-1 ez-toc-heading-level-3'><a class=\"ez-toc-link ez-toc-heading-8\" href=\"https:\/\/wenet.pl\/blog\/wymiary-grafik-dla-facebooka\/#Rekomendowane_wymiary_grafik_do_Facebook_Stories\" >Rekomendowane wymiary grafik do Facebook Stories<\/a><\/li><li class='ez-toc-page-1 ez-toc-heading-level-3'><a class=\"ez-toc-link ez-toc-heading-9\" href=\"https:\/\/wenet.pl\/blog\/wymiary-grafik-dla-facebooka\/#Wymiary_FB_dla_tla_wydarzenia\" >Wymiary FB dla t\u0142a wydarzenia<\/a><\/li><li class='ez-toc-page-1 ez-toc-heading-level-3'><a class=\"ez-toc-link ez-toc-heading-10\" href=\"https:\/\/wenet.pl\/blog\/wymiary-grafik-dla-facebooka\/#Zdjecie_w_tle_grupy\" >Zdj\u0119cie w tle grupy<\/a><\/li><li class='ez-toc-page-1 ez-toc-heading-level-3'><a class=\"ez-toc-link ez-toc-heading-11\" href=\"https:\/\/wenet.pl\/blog\/wymiary-grafik-dla-facebooka\/#Grafika_reklamowa_na_Facebooku\" >Grafika reklamowa na Facebooku<\/a><\/li><\/ul><\/li><li class='ez-toc-page-1 ez-toc-heading-level-2'><a class=\"ez-toc-link ez-toc-heading-12\" href=\"https:\/\/wenet.pl\/blog\/wymiary-grafik-dla-facebooka\/#Wlasciwy_wymiar_grafik_na_FB_%E2%80%93_podsumowanie\" >W\u0142a\u015bciwy wymiar grafik na FB \u2013 podsumowanie<\/a><\/li><\/ul><\/nav><\/div>\n\n\n\n\n<h2 class=\"wp-block-heading\"><span class=\"ez-toc-section\" id=\"Dlaczego_rozmiary_grafik_na_Facebooku_maja_takie_znaczenie\"><\/span><strong>Dlaczego rozmiary grafik na Facebooku maj\u0105 takie znaczenie?<\/strong><span class=\"ez-toc-section-end\"><\/span><\/h2>\n\n\n\n<p>W mediach spo\u0142eczno\u015bciowych bardzo wa\u017cny jest wizualny content. <strong>Na firmowych profilach to wideo i obrazy znacznie bardziej przyci\u0105gaj\u0105 uwag\u0119 internaut\u00f3w ni\u017c tekst<\/strong>. Trzeba wi\u0119c zadba\u0107 o ich atrakcyjny wygl\u0105d i przejrzysto\u015b\u0107. To jednak nie wszystko. Dobra jako\u015b\u0107 grafiki jest niezwykle wa\u017cna, tak samo, jak jej odpowiednie wymiary. Dlaczego to takie istotne? Ot\u00f3\u017c pami\u0119taj, \u017ce poprzez publikacj\u0119 zdj\u0119\u0107 o prawid\u0142owych wymiarach:<\/p>\n\n\n\n<ul class=\"wp-block-list\">\n<li>unikniesz tzw. pikselozy i rozci\u0105gania obrazu,<\/li>\n\n\n\n<li>zdj\u0119cia b\u0119d\u0105 wygl\u0105da\u0107 profesjonalnie,<\/li>\n\n\n\n<li>odbiorcy zobacz\u0105 wszystkie elementy grafiki \u2013 z\u0142y format pliku mo\u017ce sprawi\u0107, \u017ce zostanie uci\u0119ta wa\u017cna jego cz\u0119\u015b\u0107, jak na przyk\u0142ad firmowe logo,<\/li>\n\n\n\n<li>zdj\u0119cia b\u0119d\u0105 mia\u0142y dobr\u0105 jako\u015b\u0107 \u2013 skr\u00f3ci to te\u017c czas wczytywania si\u0119 materia\u0142u,<\/li>\n\n\n\n<li>b\u0119d\u0105 dostosowane do ka\u017cdego urz\u0105dzenia \u2013 prawid\u0142owe wy\u015bwietlanie zar\u00f3wno na desktopie, jak i na smartfonach oraz innych urz\u0105dzeniach mobilnych to dzi\u015b podstawa. Zawsze przed publikacj\u0105 obrazu na Facebooku warto upewni\u0107 si\u0119, czy dobrze on wygl\u0105da na r\u00f3\u017cnych ekranach.<\/li>\n<\/ul>\n\n\n\n<p>Podsumowuj\u0105c, je\u017celi chcesz profesjonalnie prowadzi\u0107 swoje firmowe konto, pami\u0119taj o odpowiednich rozmiarach grafik. Aby budowa\u0107 wizerunek eksperta i osi\u0105ga\u0107 jak najlepsze efekty, we\u017a pod uwag\u0119, co Facebook zaleca w kontek\u015bcie publikowanych post\u00f3w.<\/p>\n\n\n\n<h2 class=\"wp-block-heading\"><span class=\"ez-toc-section\" id=\"Aktualne_i_wlasciwe_wymiary_grafik_na_Facebooka\"><\/span><strong>Aktualne i w\u0142a\u015bciwe wymiary grafik na Facebooka<\/strong><span class=\"ez-toc-section-end\"><\/span><\/h2>\n\n\n\n<p>Facebook co jaki\u015b czas wprowadza zmiany w kwestii dopuszczalnych wymiar\u00f3w grafik na FB. Poza tym platforma ma r\u00f3\u017cne wymagania w zale\u017cno\u015bci od poszczeg\u00f3lnych rodzaj\u00f3w zdj\u0119\u0107 i post\u00f3w. Przyk\u0142adowo, zdj\u0119cie reklamy ma inny rozmiar ni\u017c materia\u0142 do Facebook Stories, czyli relacji. Poni\u017cej prezentujemy podstawowe wymiary poszczeg\u00f3lnych grafik.<\/p>\n\n\n\n<h3 class=\"wp-block-heading\"><span class=\"ez-toc-section\" id=\"Zdjecie_profilowe_FB_%E2%80%93_wymiary_optymalne\"><\/span><strong>Zdj\u0119cie profilowe FB \u2013 wymiary optymalne<\/strong><span class=\"ez-toc-section-end\"><\/span><\/h3>\n\n\n\n<p>Zdj\u0119cie profilowe ma na Facebooku kluczowe znaczenie. Umo\u017cliwia identyfikacj\u0119 z dan\u0105 firm\u0105\/mark\u0105. W przypadku kont firmowych takim zdj\u0119ciem jest zazwyczaj logo. Zalecane wymiary grafiki profilowej to <strong>800 \u00d7 800 pikseli<\/strong>. Pami\u0119taj te\u017c, \u017ce jest ona przycinana do kszta\u0142tu ko\u0142a.<\/p>\n\n\n\n<p>Znasz ju\u017c wymiary zdj\u0119cia profilowego na Facebooku. Pami\u0119taj, \u017ce na komputerach wy\u015bwietlane jest one w rozmiarze 170 \u00d7 170 pikseli, a na smartfonach czy tabletach \u2013 128 \u00d7 128 pikseli.<\/p>\n\n\n\n<!--HubSpot Call-to-Action Code --><span class=\"hs-cta-wrapper\" id=\"hs-cta-wrapper-8782d30a-465c-49ee-8ad9-826c889fab51\"><span class=\"hs-cta-node hs-cta-8782d30a-465c-49ee-8ad9-826c889fab51\" id=\"hs-cta-8782d30a-465c-49ee-8ad9-826c889fab51\"><!--[if lte IE 8]><div id=\"hs-cta-ie-element\"><\/div><![endif]--><a href=\"https:\/\/hubspot-cta-redirect-eu1-prod.s3.amazonaws.com\/cta\/redirect\/25646044\/8782d30a-465c-49ee-8ad9-826c889fab51\" target=\"_blank\" rel=\"noopener\"><img decoding=\"async\" class=\"hs-cta-img colorbox-3307 lazyload\" id=\"hs-cta-img-8782d30a-465c-49ee-8ad9-826c889fab51\" style=\"border-width:0px;\" data-src=\"https:\/\/hubspot-no-cache-eu1-prod.s3.amazonaws.com\/cta\/default\/25646044\/8782d30a-465c-49ee-8ad9-826c889fab51.png\"  alt=\"Sprawd\u017a, jak wypromowa\u0107 firm\u0119 na lokalnym rynku &gt;&gt;&gt;\" src=\"data:image\/svg+xml;base64,PHN2ZyB3aWR0aD0iMSIgaGVpZ2h0PSIxIiB4bWxucz0iaHR0cDovL3d3dy53My5vcmcvMjAwMC9zdmciPjwvc3ZnPg==\" \/><\/a><\/span><script charset=\"utf-8\" src=\"https:\/\/js-eu1.hscta.net\/cta\/current.js\"><\/script><script type=\"text\/javascript\"> hbspt.cta.load(25646044, '8782d30a-465c-49ee-8ad9-826c889fab51', {\"useNewLoader\":\"true\",\"region\":\"eu1\"}); <\/script><\/span>\n\n\n\n<h3 class=\"wp-block-heading\"><span class=\"ez-toc-section\" id=\"Wymiary_zdjecia_w_tle_na_Facebooku_cover_photo\"><\/span><strong>Wymiary zdj\u0119cia w tle na Facebooku (cover photo)<\/strong><span class=\"ez-toc-section-end\"><\/span><\/h3>\n\n\n\n<p>Zdj\u0119cie w tle na Facebooku (cover photo) pozwala zawrze\u0107 du\u017co wi\u0119cej ni\u017c zdj\u0119cie profilowe. Mo\u017cna tutaj umie\u015bci\u0107 motto firmy, najwa\u017cniejsze dane, pochwali\u0107 si\u0119 wygran\u0105 w konkursie itd. Taka grafika powinna by\u0107 atrakcyjna i czytelna.<\/p>\n\n\n\n<p>Zalecane przez Facebooka wymiary cover photo to <strong>851 \u00d7 315 pikseli<\/strong>. Niekt\u00f3rzy jednak rekomenduj\u0105 wymiary 1200 \u00d7 628 pikseli. Warto to wypr\u00f3bowa\u0107 i sprawdzi\u0107, co zapewni lepszy ko\u0144cowy efekt. Aktualne wymiary zdj\u0119cia w tle zak\u0142adaj\u0105, \u017ce taki cover nie mo\u017ce by\u0107 mniejszy ni\u017c 400 \u00d7 150 pikseli.<\/p>\n\n\n\n<p>Idealna waga pliku wynosi w tym przypadku mniej ni\u017c 100 KB.<\/p>\n\n\n\n<h3 class=\"wp-block-heading\"><span class=\"ez-toc-section\" id=\"Wymiary_dla_postow_pionowych\"><\/span><strong>Wymiary dla post\u00f3w pionowych<\/strong><span class=\"ez-toc-section-end\"><\/span><\/h3>\n\n\n\n<p>Interesuj\u0105 Ci\u0119 zalecenia dotycz\u0105ce wymiar\u00f3w post\u00f3w na Facebooku? Pami\u0119taj, \u017ce na jednym z najpopularniejszych portali spo\u0142eczno\u015bciowych mo\u017cna publikowa\u0107 r\u00f3\u017cnego rodzaju wpisy \u2013 pionowy, poziomy, kwadratowy czy post z linkiem. Ka\u017cdy z nich ma inne wymiary. Sprawd\u017a je poni\u017cej.<\/p>\n\n\n\n<p>Post pionowy to popularny format grafik z racji tego, \u017ce dobrze wy\u015bwietla si\u0119 na smartfonach i skupia na d\u0142u\u017cej uwag\u0119 internauty. Zalecany jego wymiar to <strong>640 <\/strong>\u00d7<strong> 960 pikseli<\/strong>. W przypadku wyboru wi\u0119kszej rozdzielczo\u015bci trzeba pami\u0119ta\u0107 o zachowaniu proporcji grafiki 2:3.<\/p>\n\n\n\n<p>Nie zapominaj przy tym, \u017ce Facebook wy\u015bwietla zdj\u0119cie tak, aby o\u015b czasu mia\u0142a szeroko\u015b\u0107 500 pikseli i pasowa\u0142a do proporcji 1,91:1.<\/p>\n\n\n\n<h3 class=\"wp-block-heading\"><span class=\"ez-toc-section\" id=\"Wymiar_postow_poziomych\"><\/span><strong>Wymiar post\u00f3w poziomych<\/strong><span class=\"ez-toc-section-end\"><\/span><\/h3>\n\n\n\n<p>Rekomendowana rozdzielczo\u015b\u0107 zdj\u0119cia publikowanego w poziomie to <strong>1200 \u00d7 900 pikseli<\/strong>. Je\u015bli natomiast wklejamy do posta link, to Facebook automatycznie zaci\u0105ga z niego grafik\u0119, kt\u00f3ra wy\u015bwietla si\u0119 jako prostok\u0105t o wymiarach<strong> 1200 \u00d7 630 pikseli<\/strong>.<\/p>\n\n\n\n<h3 class=\"wp-block-heading\"><span class=\"ez-toc-section\" id=\"Kwadratowy_post_na_Facebooku\"><\/span><strong>Kwadratowy post na Facebooku<\/strong><span class=\"ez-toc-section-end\"><\/span><\/h3>\n\n\n\n<p>Na Facebooka mo\u017cna wrzuci\u0107 te\u017c zdj\u0119cie w kwadracie. Tutaj u\u017cywa si\u0119 tego samego formatu, co przy postach na Instagramie, czyli <strong>1080 x 1080 pikseli<\/strong>.<\/p>\n\n\n\n<p>Kiedy\u015b grafiki postu kwadratowego mo\u017cna by\u0142o zastosowa\u0107 tak\u017ce, tworz\u0105c wpis w formie karuzeli. Wed\u0142ug aktualnych wymiar\u00f3w FB, je\u015bli udost\u0119pniasz 2-10 zdj\u0119\u0107 w formie reklamy w Facebook Ads, obrazy powinny mie\u0107 wymiary <strong>1200 \u00d7 1200<\/strong>.<\/p>\n\n\n\n<figure class=\"wp-block-image size-large\"><img decoding=\"async\" width=\"1015\" height=\"1200\" data-src=\"https:\/\/wenet.pl\/blog\/wp-content\/uploads\/2023\/07\/Facebook-wymiary-grafik-1-1015x1200.png\" alt=\"\" class=\"wp-image-8190 colorbox-3307 lazyload\" data-srcset=\"https:\/\/wenet.pl\/blog\/wp-content\/uploads\/2023\/07\/Facebook-wymiary-grafik-1-1015x1200.png 1015w, https:\/\/wenet.pl\/blog\/wp-content\/uploads\/2023\/07\/Facebook-wymiary-grafik-1-254x300.png 254w, https:\/\/wenet.pl\/blog\/wp-content\/uploads\/2023\/07\/Facebook-wymiary-grafik-1-135x160.png 135w, https:\/\/wenet.pl\/blog\/wp-content\/uploads\/2023\/07\/Facebook-wymiary-grafik-1-768x908.png 768w, https:\/\/wenet.pl\/blog\/wp-content\/uploads\/2023\/07\/Facebook-wymiary-grafik-1-696x823.png 696w, https:\/\/wenet.pl\/blog\/wp-content\/uploads\/2023\/07\/Facebook-wymiary-grafik-1-1068x1263.png 1068w, https:\/\/wenet.pl\/blog\/wp-content\/uploads\/2023\/07\/Facebook-wymiary-grafik-1-355x420.png 355w, https:\/\/wenet.pl\/blog\/wp-content\/uploads\/2023\/07\/Facebook-wymiary-grafik-1-710x840.png 710w, https:\/\/wenet.pl\/blog\/wp-content\/uploads\/2023\/07\/Facebook-wymiary-grafik-1.png 1080w\" data-sizes=\"(max-width: 1015px) 100vw, 1015px\" src=\"data:image\/svg+xml;base64,PHN2ZyB3aWR0aD0iMSIgaGVpZ2h0PSIxIiB4bWxucz0iaHR0cDovL3d3dy53My5vcmcvMjAwMC9zdmciPjwvc3ZnPg==\" style=\"--smush-placeholder-width: 1015px; --smush-placeholder-aspect-ratio: 1015\/1200;\" \/><\/figure>\n\n\n\n<h3 class=\"wp-block-heading\"><span class=\"ez-toc-section\" id=\"Rekomendowane_wymiary_grafik_do_Facebook_Stories\"><\/span><strong>Rekomendowane wymiary grafik do Facebook Stories<\/strong><span class=\"ez-toc-section-end\"><\/span><\/h3>\n\n\n\n<p>Relacje to format, kt\u00f3ry kr\u00f3luje w r\u00f3\u017cnych mediach spo\u0142eczno\u015bciowych. Facebook i Instagram Stories wy\u015bwietlaj\u0105 si\u0119 na ca\u0142ym ekranie telefonu, dlatego rekomendowany ich rozmiar to <strong>1080 \u00d7 1920 pikseli<\/strong>.<\/p>\n\n\n\n<p>Facebook rekomenduje, aby nie dodawa\u0107 obrazu o szeroko\u015bci mniejszej ni\u017c 500 pikseli.<\/p>\n\n\n\n<p>Protip: Je\u015bli na relacji znajduje si\u0119 tekst, nie umieszczaj go na samej g\u00f3rze, ani na dole. W przeciwnym razie tre\u015b\u0107 zostanie zas\u0142oni\u0119ta przez przyciski i znajduj\u0105ce si\u0119 tam elementy. Postaraj si\u0119 zostawi\u0107 oko\u0142o 250 pikseli miejsca (,,luzu\u2019\u2019).<\/p>\n\n\n\n<h3 class=\"wp-block-heading\"><span class=\"ez-toc-section\" id=\"Wymiary_FB_dla_tla_wydarzenia\"><\/span><strong>Wymiary FB dla t\u0142a wydarzenia<\/strong><span class=\"ez-toc-section-end\"><\/span><\/h3>\n\n\n\n<p>Grafika wydarzenia ma zach\u0119ci\u0107 do wzi\u0119cia udzia\u0142u w evencie. Dobrze, je\u015bli pokazuje najwa\u017cniejsze informacje (miejsce, dzie\u0144, godzina itd.). Zalecanym rozmiarem obrazu w tle wydarzenia jest <strong>1200 \u00d7 628 pikseli<\/strong>. Warto mie\u0107 na uwadze, \u017ce Facebook nie kompresuje tego obrazu, tylko go przycina. Po klikni\u0119ciu pojawia si\u0119 zdj\u0119cie w pe\u0142nym formacie.<\/p>\n\n\n\n<p>Pami\u0119taj, \u017ce rozmiaru zdj\u0119cia w tle nie mo\u017cna edytowa\u0107 po dodaniu go do wydarzenia.<\/p>\n\n\n\n<h3 class=\"wp-block-heading\"><span class=\"ez-toc-section\" id=\"Zdjecie_w_tle_grupy\"><\/span><strong>Zdj\u0119cie w tle grupy<\/strong><span class=\"ez-toc-section-end\"><\/span><\/h3>\n\n\n\n<p>Prowadzenie grupy na Facebooku to \u015bwietny spos\u00f3b na budowanie zaanga\u017cowanej spo\u0142eczno\u015bci i trwa\u0142ych relacji z odbiorcami. Wymiary grafik do grup na Facebooku obejmuj\u0105 przede wszystkim zdj\u0119cie w tle, kt\u00f3rego zalecany wymiar to <strong>1640 \u00d7 856 pikseli<\/strong>.<\/p>\n\n\n\n<h3 class=\"wp-block-heading\"><span class=\"ez-toc-section\" id=\"Grafika_reklamowa_na_Facebooku\"><\/span><strong>Grafika reklamowa na Facebooku<\/strong><span class=\"ez-toc-section-end\"><\/span><\/h3>\n\n\n\n<p>Facebook Ads daje du\u017ce mo\u017cliwo\u015bci promocyjne i tym samym pozwala dociera\u0107 do grona zainteresowanych odbiorc\u00f3w. Najwy\u017csze jako\u015bci grafiki o charakterze sprzeda\u017cowym mog\u0105 wy\u015bwietla\u0107 si\u0119 w r\u00f3\u017cnych miejscach. Poni\u017cej znajdziesz poszczeg\u00f3lne umiejscowienia oraz aktualne wymiary reklamy:<\/p>\n\n\n\n<ul class=\"wp-block-list\">\n<li>reklamy w aktualno\u015bciach Facebooka \u2013 zalecany rozmiar: 1080 \u00d7 1080 pikseli, minimalny wymiar grafiki: 600 \u00d7 600 pikseli,<\/li>\n\n\n\n<li>reklamy w prawej kolumnie Facebooka \u2013 minimalna rozdzielczo\u015b\u0107: 1080 \u00d7 1080 pikseli, minimalne wymiary: 254 \u00d7 133 pikseli,<\/li>\n\n\n\n<li>artyku\u0142y ekspresowe \u2013 minimalna rozdzielczo\u015b\u0107: 1080 \u00d7 1080 pikseli,<\/li>\n\n\n\n<li>reklamy w wynikach wyszukiwania \u2013 minimalna rozdzielczo\u015b\u0107: 1080 \u00d7 1080 pikseli, minimalna wielko\u015b\u0107: 600 \u00d7 600 pikseli,<\/li>\n\n\n\n<li>reklamy na Marketplace \u2013 minimalna rozdzielczo\u015b\u0107: 1080 \u00d7 1080 pikseli, maksymalny rozmiar pliku: 30 MB,<\/li>\n\n\n\n<li>reklama Facebook Stories \u2013 minimalna rozdzielczo\u015b\u0107: 1080 \u00d7 1920 pikseli lub 1200 \u00d7 628 pikseli.<\/li>\n<\/ul>\n\n\n\n<p>Oto najwa\u017cniejsze wymiary grafik do Facebook Ads System Meta zapewnia jednak jeszcze jeden format, a mianowicie reklamy Messenger. Rekomendowana rozdzielczo\u015b\u0107 to w przypadku skrzynki odbiorczej: 1080 \u00d7 1080 px.<\/p>\n\n\n\n<!--HubSpot Call-to-Action Code --><span class=\"hs-cta-wrapper\" id=\"hs-cta-wrapper-6598b816-249c-411d-abb1-65d7e306b7eb\"><span class=\"hs-cta-node hs-cta-6598b816-249c-411d-abb1-65d7e306b7eb\" id=\"hs-cta-6598b816-249c-411d-abb1-65d7e306b7eb\"><!--[if lte IE 8]><div id=\"hs-cta-ie-element\"><\/div><![endif]--><a href=\"https:\/\/hubspot-cta-redirect-eu1-prod.s3.amazonaws.com\/cta\/redirect\/25646044\/6598b816-249c-411d-abb1-65d7e306b7eb\" target=\"_blank\" rel=\"noopener\"><img decoding=\"async\" class=\"hs-cta-img colorbox-3307 lazyload\" id=\"hs-cta-img-6598b816-249c-411d-abb1-65d7e306b7eb\" style=\"border-width:0px;\" data-src=\"https:\/\/hubspot-no-cache-eu1-prod.s3.amazonaws.com\/cta\/default\/25646044\/6598b816-249c-411d-abb1-65d7e306b7eb.png\"  alt=\"Promuj swoj\u0105 firm\u0119\" src=\"data:image\/svg+xml;base64,PHN2ZyB3aWR0aD0iMSIgaGVpZ2h0PSIxIiB4bWxucz0iaHR0cDovL3d3dy53My5vcmcvMjAwMC9zdmciPjwvc3ZnPg==\" \/><\/a><\/span><script charset=\"utf-8\" src=\"https:\/\/js-eu1.hscta.net\/cta\/current.js\"><\/script><script type=\"text\/javascript\"> hbspt.cta.load(25646044, '6598b816-249c-411d-abb1-65d7e306b7eb', {\"useNewLoader\":\"true\",\"region\":\"eu1\"}); <\/script><\/span>\n\n\n\n<h2 class=\"wp-block-heading\"><span class=\"ez-toc-section\" id=\"Wlasciwy_wymiar_grafik_na_FB_%E2%80%93_podsumowanie\"><\/span><strong>W\u0142a\u015bciwy wymiar grafik na FB \u2013 podsumowanie<\/strong><span class=\"ez-toc-section-end\"><\/span><\/h2>\n\n\n\n<p>Znasz ju\u017c wytyczne dotycz\u0105ce optymalnych wymiar\u00f3w zdj\u0119\u0107 na FB. Wykorzystaj wi\u0119c powy\u017csze wskaz\u00f3wki. Pozwol\u0105 Ci one dzia\u0142a\u0107 na Facebooku bardziej \u015bwiadomie oraz publikowa\u0107 posty, kt\u00f3re b\u0119d\u0105 zgodne z wymaganiami portalu. Prowad\u017a sw\u00f3j profil firmowy z sukcesem, stosuj\u0105c odpowiedni format zdj\u0119\u0107 i zachowuj\u0105c najwy\u017csz\u0105 jako\u015b\u0107 grafik.<\/p>\n\n\n\n<p>Potrzebujesz wsparcia w prowadzeniu skutecznej komunikacji na Facebooku lub w innych mediach spo\u0142eczno\u015bciowych? Nawi\u0105\u017c wsp\u00f3\u0142prac\u0119 z WeNet. Doradcy internetowi pomog\u0105 Ci budowa\u0107 pozytywny wizerunek firmy, promowa\u0107 Tw\u00f3j biznes w sieci i dociera\u0107 do klient\u00f3w. Zapraszamy do zapoznania si\u0119 ze szczeg\u00f3\u0142ami oferty.<\/p><div class=\"caewu69f2bfffa69e2\" ><!-- Komunikacja z klientem -->\n<!--HubSpot Call-to-Action Code --><span class=\"hs-cta-wrapper\" id=\"hs-cta-wrapper-8265bd58-ea47-4c6a-9f25-dd290dd6f8c8\"><span class=\"hs-cta-node hs-cta-8265bd58-ea47-4c6a-9f25-dd290dd6f8c8\" id=\"hs-cta-8265bd58-ea47-4c6a-9f25-dd290dd6f8c8\"><!--[if lte IE 8]><div id=\"hs-cta-ie-element\"><\/div><![endif]--><a href=\"https:\/\/hubspot-cta-redirect-eu1-prod.s3.amazonaws.com\/cta\/redirect\/25646044\/8265bd58-ea47-4c6a-9f25-dd290dd6f8c8\" target=\"_blank\" rel=\"noopener\"><img class=\"hs-cta-img colorbox-3307 lazyload\" id=\"hs-cta-img-8265bd58-ea47-4c6a-9f25-dd290dd6f8c8\" style=\"border-width:0px;\" data-src=\"https:\/\/hubspot-no-cache-eu1-prod.s3.amazonaws.com\/cta\/default\/25646044\/8265bd58-ea47-4c6a-9f25-dd290dd6f8c8.png\"  alt=\"Nowe wezwanie do dzia\u0142ania\" src=\"data:image\/svg+xml;base64,PHN2ZyB3aWR0aD0iMSIgaGVpZ2h0PSIxIiB4bWxucz0iaHR0cDovL3d3dy53My5vcmcvMjAwMC9zdmciPjwvc3ZnPg==\" \/><\/a><\/span><script charset=\"utf-8\" src=\"https:\/\/js-eu1.hscta.net\/cta\/current.js\"><\/script><script type=\"text\/javascript\"> hbspt.cta.load(25646044, '8265bd58-ea47-4c6a-9f25-dd290dd6f8c8', {\"useNewLoader\":\"true\",\"region\":\"eu1\"}); <\/script><\/span><!-- end HubSpot Call-to-Action Code -->\n<\/div><style type=\"text\/css\">\r\n@media screen and (min-width: 1201px) {\r\n.caewu69f2bfffa69e2 {\r\ndisplay: block;\r\n}\r\n}\r\n@media screen and (min-width: 993px) and (max-width: 1200px) {\r\n.caewu69f2bfffa69e2 {\r\ndisplay: block;\r\n}\r\n}\r\n@media screen and (min-width: 769px) and (max-width: 992px) {\r\n.caewu69f2bfffa69e2 {\r\ndisplay: block;\r\n}\r\n}\r\n@media screen and (min-width: 768px) and (max-width: 768px) {\r\n.caewu69f2bfffa69e2 {\r\ndisplay: block;\r\n}\r\n}\r\n@media screen and (max-width: 767px) {\r\n.caewu69f2bfffa69e2 {\r\ndisplay: block;\r\n}\r\n}\r\n<\/style>\r\n<div class=\"pfkig69f2bfffa6952\" ><!-- Email Marketing -->\n<!--HubSpot Call-to-Action Code --><span class=\"hs-cta-wrapper\" id=\"hs-cta-wrapper-08eb5d7e-b5b4-457b-9ce5-ceff89d6b956\"><span class=\"hs-cta-node hs-cta-08eb5d7e-b5b4-457b-9ce5-ceff89d6b956\" id=\"hs-cta-08eb5d7e-b5b4-457b-9ce5-ceff89d6b956\"><!--[if lte IE 8]><div id=\"hs-cta-ie-element\"><\/div><![endif]--><a href=\"https:\/\/hubspot-cta-redirect-eu1-prod.s3.amazonaws.com\/cta\/redirect\/25646044\/08eb5d7e-b5b4-457b-9ce5-ceff89d6b956\" target=\"_blank\" rel=\"noopener\"><img class=\"hs-cta-img colorbox-3307 lazyload\" id=\"hs-cta-img-08eb5d7e-b5b4-457b-9ce5-ceff89d6b956\" style=\"border-width:0px;\" data-src=\"https:\/\/hubspot-no-cache-eu1-prod.s3.amazonaws.com\/cta\/default\/25646044\/08eb5d7e-b5b4-457b-9ce5-ceff89d6b956.png\"  alt=\"Nowe wezwanie do dzia\u0142ania\" src=\"data:image\/svg+xml;base64,PHN2ZyB3aWR0aD0iMSIgaGVpZ2h0PSIxIiB4bWxucz0iaHR0cDovL3d3dy53My5vcmcvMjAwMC9zdmciPjwvc3ZnPg==\" \/><\/a><\/span><script charset=\"utf-8\" src=\"https:\/\/js-eu1.hscta.net\/cta\/current.js\"><\/script><script type=\"text\/javascript\"> hbspt.cta.load(25646044, '08eb5d7e-b5b4-457b-9ce5-ceff89d6b956', {\"useNewLoader\":\"true\",\"region\":\"eu1\"}); <\/script><\/span><!-- end HubSpot Call-to-Action Code -->\n<\/div><style type=\"text\/css\">\r\n@media screen and (min-width: 1201px) {\r\n.pfkig69f2bfffa6952 {\r\ndisplay: block;\r\n}\r\n}\r\n@media screen and (min-width: 993px) and (max-width: 1200px) {\r\n.pfkig69f2bfffa6952 {\r\ndisplay: block;\r\n}\r\n}\r\n@media screen and (min-width: 769px) and (max-width: 992px) {\r\n.pfkig69f2bfffa6952 {\r\ndisplay: block;\r\n}\r\n}\r\n@media screen and (min-width: 768px) and (max-width: 768px) {\r\n.pfkig69f2bfffa6952 {\r\ndisplay: block;\r\n}\r\n}\r\n@media screen and (max-width: 767px) {\r\n.pfkig69f2bfffa6952 {\r\ndisplay: block;\r\n}\r\n}\r\n<\/style>\r\n<div class=\"uddqa69f2bfffa68c6\" ><!-- Zarz\u0105dzanie firm\u0105 -->\n\n<!--HubSpot Call-to-Action Code --><span class=\"hs-cta-wrapper\" id=\"hs-cta-wrapper-64d5a1d6-a25c-4d42-9cf0-0a4f91b5642d\"><span class=\"hs-cta-node hs-cta-64d5a1d6-a25c-4d42-9cf0-0a4f91b5642d\" id=\"hs-cta-64d5a1d6-a25c-4d42-9cf0-0a4f91b5642d\"><!--[if lte IE 8]><div id=\"hs-cta-ie-element\"><\/div><![endif]--><a href=\"https:\/\/hubspot-cta-redirect-eu1-prod.s3.amazonaws.com\/cta\/redirect\/25646044\/64d5a1d6-a25c-4d42-9cf0-0a4f91b5642d\" target=\"_blank\" rel=\"noopener\"><img class=\"hs-cta-img colorbox-3307 lazyload\" id=\"hs-cta-img-64d5a1d6-a25c-4d42-9cf0-0a4f91b5642d\" style=\"border-width:0px;\" data-src=\"https:\/\/hubspot-no-cache-eu1-prod.s3.amazonaws.com\/cta\/default\/25646044\/64d5a1d6-a25c-4d42-9cf0-0a4f91b5642d.png\"  alt=\"e-book Dlaczego Twoja firma powinna by\u0107 obecna w Internecie\" src=\"data:image\/svg+xml;base64,PHN2ZyB3aWR0aD0iMSIgaGVpZ2h0PSIxIiB4bWxucz0iaHR0cDovL3d3dy53My5vcmcvMjAwMC9zdmciPjwvc3ZnPg==\" \/><\/a><\/span><script charset=\"utf-8\" src=\"https:\/\/js-eu1.hscta.net\/cta\/current.js\"><\/script><script type=\"text\/javascript\"> hbspt.cta.load(25646044, '64d5a1d6-a25c-4d42-9cf0-0a4f91b5642d', {\"useNewLoader\":\"true\",\"region\":\"eu1\"}); <\/script><\/span><!-- end HubSpot Call-to-Action Code -->\n<\/div><style type=\"text\/css\">\r\n@media screen and (min-width: 1201px) {\r\n.uddqa69f2bfffa68c6 {\r\ndisplay: block;\r\n}\r\n}\r\n@media screen and (min-width: 993px) and (max-width: 1200px) {\r\n.uddqa69f2bfffa68c6 {\r\ndisplay: block;\r\n}\r\n}\r\n@media screen and (min-width: 769px) and (max-width: 992px) {\r\n.uddqa69f2bfffa68c6 {\r\ndisplay: block;\r\n}\r\n}\r\n@media screen and (min-width: 768px) and (max-width: 768px) {\r\n.uddqa69f2bfffa68c6 {\r\ndisplay: block;\r\n}\r\n}\r\n@media screen and (max-width: 767px) {\r\n.uddqa69f2bfffa68c6 {\r\ndisplay: block;\r\n}\r\n}\r\n<\/style>\r\n<div class=\"utbhy69f2bfffa683c\" ><!-- Video -->\n\n<!--HubSpot Call-to-Action Code --><span class=\"hs-cta-wrapper\" id=\"hs-cta-wrapper-d5317067-b35b-4752-8a1e-3ef0d70566f6\"><span class=\"hs-cta-node hs-cta-d5317067-b35b-4752-8a1e-3ef0d70566f6\" id=\"hs-cta-d5317067-b35b-4752-8a1e-3ef0d70566f6\"><!--[if lte IE 8]><div id=\"hs-cta-ie-element\"><\/div><![endif]--><a href=\"https:\/\/hubspot-cta-redirect-eu1-prod.s3.amazonaws.com\/cta\/redirect\/25646044\/d5317067-b35b-4752-8a1e-3ef0d70566f6\" target=\"_blank\" rel=\"noopener\"><img class=\"hs-cta-img colorbox-3307 lazyload\" id=\"hs-cta-img-d5317067-b35b-4752-8a1e-3ef0d70566f6\" style=\"border-width:0px;\" data-src=\"https:\/\/hubspot-no-cache-eu1-prod.s3.amazonaws.com\/cta\/default\/25646044\/d5317067-b35b-4752-8a1e-3ef0d70566f6.png\"  alt=\"e-book 18 wskaz\u00f3wek, kt\u00f3re rozwin\u0105 Tw\u00f3j kana\u0142 na YouTube\" src=\"data:image\/svg+xml;base64,PHN2ZyB3aWR0aD0iMSIgaGVpZ2h0PSIxIiB4bWxucz0iaHR0cDovL3d3dy53My5vcmcvMjAwMC9zdmciPjwvc3ZnPg==\" \/><\/a><\/span><script charset=\"utf-8\" src=\"https:\/\/js-eu1.hscta.net\/cta\/current.js\"><\/script><script type=\"text\/javascript\"> hbspt.cta.load(25646044, 'd5317067-b35b-4752-8a1e-3ef0d70566f6', {\"useNewLoader\":\"true\",\"region\":\"eu1\"}); <\/script><\/span><!-- end HubSpot Call-to-Action Code -->\n<\/div><style type=\"text\/css\">\r\n@media screen and (min-width: 1201px) {\r\n.utbhy69f2bfffa683c {\r\ndisplay: block;\r\n}\r\n}\r\n@media screen and (min-width: 993px) and (max-width: 1200px) {\r\n.utbhy69f2bfffa683c {\r\ndisplay: block;\r\n}\r\n}\r\n@media screen and (min-width: 769px) and (max-width: 992px) {\r\n.utbhy69f2bfffa683c {\r\ndisplay: block;\r\n}\r\n}\r\n@media screen and (min-width: 768px) and (max-width: 768px) {\r\n.utbhy69f2bfffa683c {\r\ndisplay: block;\r\n}\r\n}\r\n@media screen and (max-width: 767px) {\r\n.utbhy69f2bfffa683c {\r\ndisplay: block;\r\n}\r\n}\r\n<\/style>\r\n<div class=\"hobnm69f2bfffa67be\" ><!-- Tworzenie stron -->\n<!--HubSpot Call-to-Action Code --><span class=\"hs-cta-wrapper\" id=\"hs-cta-wrapper-ef1529b5-b78c-4b0b-bf0b-4ecc75e0bafc\"><span class=\"hs-cta-node hs-cta-ef1529b5-b78c-4b0b-bf0b-4ecc75e0bafc\" id=\"hs-cta-ef1529b5-b78c-4b0b-bf0b-4ecc75e0bafc\"><!--[if lte IE 8]><div id=\"hs-cta-ie-element\"><\/div><![endif]--><a href=\"https:\/\/hubspot-cta-redirect-eu1-prod.s3.amazonaws.com\/cta\/redirect\/25646044\/ef1529b5-b78c-4b0b-bf0b-4ecc75e0bafc\" target=\"_blank\" rel=\"noopener\"><img class=\"hs-cta-img colorbox-3307 lazyload\" id=\"hs-cta-img-ef1529b5-b78c-4b0b-bf0b-4ecc75e0bafc\" style=\"border-width:0px;\" data-src=\"https:\/\/hubspot-no-cache-eu1-prod.s3.amazonaws.com\/cta\/default\/25646044\/ef1529b5-b78c-4b0b-bf0b-4ecc75e0bafc.png\"  alt=\"Nowe wezwanie do dzia\u0142ania\" src=\"data:image\/svg+xml;base64,PHN2ZyB3aWR0aD0iMSIgaGVpZ2h0PSIxIiB4bWxucz0iaHR0cDovL3d3dy53My5vcmcvMjAwMC9zdmciPjwvc3ZnPg==\" \/><\/a><\/span><script charset=\"utf-8\" src=\"https:\/\/js-eu1.hscta.net\/cta\/current.js\"><\/script><script type=\"text\/javascript\"> hbspt.cta.load(25646044, 'ef1529b5-b78c-4b0b-bf0b-4ecc75e0bafc', {\"useNewLoader\":\"true\",\"region\":\"eu1\"}); <\/script><\/span><!-- end HubSpot Call-to-Action Code -->\n<\/div><style type=\"text\/css\">\r\n@media screen and (min-width: 1201px) {\r\n.hobnm69f2bfffa67be {\r\ndisplay: block;\r\n}\r\n}\r\n@media screen and (min-width: 993px) and (max-width: 1200px) {\r\n.hobnm69f2bfffa67be {\r\ndisplay: block;\r\n}\r\n}\r\n@media screen and (min-width: 769px) and (max-width: 992px) {\r\n.hobnm69f2bfffa67be {\r\ndisplay: block;\r\n}\r\n}\r\n@media screen and (min-width: 768px) and (max-width: 768px) {\r\n.hobnm69f2bfffa67be {\r\ndisplay: block;\r\n}\r\n}\r\n@media screen and (max-width: 767px) {\r\n.hobnm69f2bfffa67be {\r\ndisplay: block;\r\n}\r\n}\r\n<\/style>\r\n<div class=\"pwwtj69f2bfffa673d\" ><!-- Strategia marketingowa -->\n<!--HubSpot Call-to-Action Code --><span class=\"hs-cta-wrapper\" id=\"hs-cta-wrapper-9d4aa58d-1ab7-4301-b000-ac3d639abc98\"><span class=\"hs-cta-node hs-cta-9d4aa58d-1ab7-4301-b000-ac3d639abc98\" id=\"hs-cta-9d4aa58d-1ab7-4301-b000-ac3d639abc98\"><!--[if lte IE 8]><div id=\"hs-cta-ie-element\"><\/div><![endif]--><a href=\"https:\/\/hubspot-cta-redirect-eu1-prod.s3.amazonaws.com\/cta\/redirect\/25646044\/9d4aa58d-1ab7-4301-b000-ac3d639abc98\" target=\"_blank\" rel=\"noopener\"><img class=\"hs-cta-img colorbox-3307 lazyload\" id=\"hs-cta-img-9d4aa58d-1ab7-4301-b000-ac3d639abc98\" style=\"border-width:0px;\" data-src=\"https:\/\/hubspot-no-cache-eu1-prod.s3.amazonaws.com\/cta\/default\/25646044\/9d4aa58d-1ab7-4301-b000-ac3d639abc98.png\"  alt=\"Nowe wezwanie do dzia\u0142ania\" src=\"data:image\/svg+xml;base64,PHN2ZyB3aWR0aD0iMSIgaGVpZ2h0PSIxIiB4bWxucz0iaHR0cDovL3d3dy53My5vcmcvMjAwMC9zdmciPjwvc3ZnPg==\" \/><\/a><\/span><script charset=\"utf-8\" src=\"https:\/\/js-eu1.hscta.net\/cta\/current.js\"><\/script><script type=\"text\/javascript\"> hbspt.cta.load(25646044, '9d4aa58d-1ab7-4301-b000-ac3d639abc98', {\"useNewLoader\":\"true\",\"region\":\"eu1\"}); <\/script><\/span><!-- end HubSpot Call-to-Action Code -->\n<\/div><style type=\"text\/css\">\r\n@media screen and (min-width: 1201px) {\r\n.pwwtj69f2bfffa673d {\r\ndisplay: block;\r\n}\r\n}\r\n@media screen and (min-width: 993px) and (max-width: 1200px) {\r\n.pwwtj69f2bfffa673d {\r\ndisplay: block;\r\n}\r\n}\r\n@media screen and (min-width: 769px) and (max-width: 992px) {\r\n.pwwtj69f2bfffa673d {\r\ndisplay: block;\r\n}\r\n}\r\n@media screen and (min-width: 768px) and (max-width: 768px) {\r\n.pwwtj69f2bfffa673d {\r\ndisplay: block;\r\n}\r\n}\r\n@media screen and (max-width: 767px) {\r\n.pwwtj69f2bfffa673d {\r\ndisplay: block;\r\n}\r\n}\r\n<\/style>\r\n<div class=\"dqkcq69f2bfffa66c1\" ><!-- Social Media -->\n<!--HubSpot Call-to-Action Code --><span class=\"hs-cta-wrapper\" id=\"hs-cta-wrapper-387c3571-1376-4b17-bb02-3ee7c0d54013\"><span class=\"hs-cta-node hs-cta-387c3571-1376-4b17-bb02-3ee7c0d54013\" id=\"hs-cta-387c3571-1376-4b17-bb02-3ee7c0d54013\"><!--[if lte IE 8]><div id=\"hs-cta-ie-element\"><\/div><![endif]--><a href=\"https:\/\/hubspot-cta-redirect-eu1-prod.s3.amazonaws.com\/cta\/redirect\/25646044\/387c3571-1376-4b17-bb02-3ee7c0d54013\" target=\"_blank\" rel=\"noopener\"><img class=\"hs-cta-img colorbox-3307 lazyload\" id=\"hs-cta-img-387c3571-1376-4b17-bb02-3ee7c0d54013\" style=\"border-width:0px;\" data-src=\"https:\/\/hubspot-no-cache-eu1-prod.s3.amazonaws.com\/cta\/default\/25646044\/387c3571-1376-4b17-bb02-3ee7c0d54013.png\"  alt=\"Nowe wezwanie do dzia\u0142ania\" src=\"data:image\/svg+xml;base64,PHN2ZyB3aWR0aD0iMSIgaGVpZ2h0PSIxIiB4bWxucz0iaHR0cDovL3d3dy53My5vcmcvMjAwMC9zdmciPjwvc3ZnPg==\" \/><\/a><\/span><script charset=\"utf-8\" src=\"https:\/\/js-eu1.hscta.net\/cta\/current.js\"><\/script><script type=\"text\/javascript\"> hbspt.cta.load(25646044, '387c3571-1376-4b17-bb02-3ee7c0d54013', {\"useNewLoader\":\"true\",\"region\":\"eu1\"}); <\/script><\/span><!-- end HubSpot Call-to-Action Code -->\n<\/div><style type=\"text\/css\">\r\n@media screen and (min-width: 1201px) {\r\n.dqkcq69f2bfffa66c1 {\r\ndisplay: block;\r\n}\r\n}\r\n@media screen and (min-width: 993px) and (max-width: 1200px) {\r\n.dqkcq69f2bfffa66c1 {\r\ndisplay: block;\r\n}\r\n}\r\n@media screen and (min-width: 769px) and (max-width: 992px) {\r\n.dqkcq69f2bfffa66c1 {\r\ndisplay: block;\r\n}\r\n}\r\n@media screen and (min-width: 768px) and (max-width: 768px) {\r\n.dqkcq69f2bfffa66c1 {\r\ndisplay: block;\r\n}\r\n}\r\n@media screen and (max-width: 767px) {\r\n.dqkcq69f2bfffa66c1 {\r\ndisplay: block;\r\n}\r\n}\r\n<\/style>\r\n<div class=\"tilqw69f2bfffa6636\" ><!-- Copywriting -->\n<!--HubSpot Call-to-Action Code --><span class=\"hs-cta-wrapper\" id=\"hs-cta-wrapper-0d4fb5f3-b88d-4456-a7be-207e7a27d1d8\"><span class=\"hs-cta-node hs-cta-0d4fb5f3-b88d-4456-a7be-207e7a27d1d8\" id=\"hs-cta-0d4fb5f3-b88d-4456-a7be-207e7a27d1d8\"><!--[if lte IE 8]><div id=\"hs-cta-ie-element\"><\/div><![endif]--><a href=\"https:\/\/hubspot-cta-redirect-eu1-prod.s3.amazonaws.com\/cta\/redirect\/25646044\/0d4fb5f3-b88d-4456-a7be-207e7a27d1d8\" target=\"_blank\" rel=\"noopener, nofollow\"><img class=\"hs-cta-img colorbox-3307 lazyload\" id=\"hs-cta-img-0d4fb5f3-b88d-4456-a7be-207e7a27d1d8\" style=\"border-width:0px;\" data-src=\"https:\/\/hubspot-no-cache-eu1-prod.s3.amazonaws.com\/cta\/default\/25646044\/0d4fb5f3-b88d-4456-a7be-207e7a27d1d8.png\"  alt=\"e-book Jak tworzy\u0107 tre\u015bci, kt\u00f3re przyci\u0105gn\u0105 Twoich klient\u00f3w\" src=\"data:image\/svg+xml;base64,PHN2ZyB3aWR0aD0iMSIgaGVpZ2h0PSIxIiB4bWxucz0iaHR0cDovL3d3dy53My5vcmcvMjAwMC9zdmciPjwvc3ZnPg==\" \/><\/a><\/span><script charset=\"utf-8\" src=\"https:\/\/js-eu1.hscta.net\/cta\/current.js\"><\/script><script type=\"text\/javascript\"> hbspt.cta.load(25646044, '0d4fb5f3-b88d-4456-a7be-207e7a27d1d8', {\"useNewLoader\":\"true\",\"region\":\"eu1\"}); <\/script><\/span><!-- end HubSpot Call-to-Action Code -->\n<\/div><style type=\"text\/css\">\r\n@media screen and (min-width: 1201px) {\r\n.tilqw69f2bfffa6636 {\r\ndisplay: block;\r\n}\r\n}\r\n@media screen and (min-width: 993px) and (max-width: 1200px) {\r\n.tilqw69f2bfffa6636 {\r\ndisplay: block;\r\n}\r\n}\r\n@media screen and (min-width: 769px) and (max-width: 992px) {\r\n.tilqw69f2bfffa6636 {\r\ndisplay: block;\r\n}\r\n}\r\n@media screen and (min-width: 768px) and (max-width: 768px) {\r\n.tilqw69f2bfffa6636 {\r\ndisplay: block;\r\n}\r\n}\r\n@media screen and (max-width: 767px) {\r\n.tilqw69f2bfffa6636 {\r\ndisplay: block;\r\n}\r\n}\r\n<\/style>\r\n<div class=\"hruac69f2bfffa65c0\" ><!-- SEO1 -->\n<!--HubSpot Call-to-Action Code --><span class=\"hs-cta-wrapper\" id=\"hs-cta-wrapper-2e440e3a-91d6-4b6d-8268-289ea3a8329b\"><span class=\"hs-cta-node hs-cta-2e440e3a-91d6-4b6d-8268-289ea3a8329b\" id=\"hs-cta-2e440e3a-91d6-4b6d-8268-289ea3a8329b\"><!--[if lte IE 8]><div id=\"hs-cta-ie-element\"><\/div><![endif]--><a href=\"https:\/\/hubspot-cta-redirect-eu1-prod.s3.amazonaws.com\/cta\/redirect\/25646044\/2e440e3a-91d6-4b6d-8268-289ea3a8329b\" target=\"_blank\" rel=\"noopener\"><img class=\"hs-cta-img colorbox-3307 lazyload\" id=\"hs-cta-img-2e440e3a-91d6-4b6d-8268-289ea3a8329b\" style=\"border-width:0px;\" data-src=\"https:\/\/hubspot-no-cache-eu1-prod.s3.amazonaws.com\/cta\/default\/25646044\/2e440e3a-91d6-4b6d-8268-289ea3a8329b.png\"  alt=\"e-book SEO lokalne od A do Z\" src=\"data:image\/svg+xml;base64,PHN2ZyB3aWR0aD0iMSIgaGVpZ2h0PSIxIiB4bWxucz0iaHR0cDovL3d3dy53My5vcmcvMjAwMC9zdmciPjwvc3ZnPg==\" \/><\/a><\/span><script charset=\"utf-8\" src=\"https:\/\/js-eu1.hscta.net\/cta\/current.js\"><\/script><script type=\"text\/javascript\"> hbspt.cta.load(25646044, '2e440e3a-91d6-4b6d-8268-289ea3a8329b', {\"useNewLoader\":\"true\",\"region\":\"eu1\"}); <\/script><\/span><!-- end HubSpot Call-to-Action Code -->\n<\/div><style type=\"text\/css\">\r\n@media screen and (min-width: 1201px) {\r\n.hruac69f2bfffa65c0 {\r\ndisplay: block;\r\n}\r\n}\r\n@media screen and (min-width: 993px) and (max-width: 1200px) {\r\n.hruac69f2bfffa65c0 {\r\ndisplay: block;\r\n}\r\n}\r\n@media screen and (min-width: 769px) and (max-width: 992px) {\r\n.hruac69f2bfffa65c0 {\r\ndisplay: block;\r\n}\r\n}\r\n@media screen and (min-width: 768px) and (max-width: 768px) {\r\n.hruac69f2bfffa65c0 {\r\ndisplay: block;\r\n}\r\n}\r\n@media screen and (max-width: 767px) {\r\n.hruac69f2bfffa65c0 {\r\ndisplay: block;\r\n}\r\n}\r\n<\/style>\r\n<div class=\"kuqky69f2bfffa6537\" ><!-- SEM -->\n<!--HubSpot Call-to-Action Code --><span class=\"hs-cta-wrapper\" id=\"hs-cta-wrapper-f76cfdbf-3591-4dda-828b-092125eedb42\"><span class=\"hs-cta-node hs-cta-f76cfdbf-3591-4dda-828b-092125eedb42\" id=\"hs-cta-f76cfdbf-3591-4dda-828b-092125eedb42\"><!--[if lte IE 8]><div id=\"hs-cta-ie-element\"><\/div><![endif]--><a href=\"https:\/\/hubspot-cta-redirect-eu1-prod.s3.amazonaws.com\/cta\/redirect\/25646044\/f76cfdbf-3591-4dda-828b-092125eedb42\" target=\"_blank\" rel=\"noopener\"><img class=\"hs-cta-img colorbox-3307 lazyload\" id=\"hs-cta-img-f76cfdbf-3591-4dda-828b-092125eedb42\" style=\"border-width:0px;\" data-src=\"https:\/\/hubspot-no-cache-eu1-prod.s3.amazonaws.com\/cta\/default\/25646044\/f76cfdbf-3591-4dda-828b-092125eedb42.png\"  alt=\"e-book Jak promowa\u0107 firm\u0119 na lokalnym rynku\" src=\"data:image\/svg+xml;base64,PHN2ZyB3aWR0aD0iMSIgaGVpZ2h0PSIxIiB4bWxucz0iaHR0cDovL3d3dy53My5vcmcvMjAwMC9zdmciPjwvc3ZnPg==\" \/><\/a><\/span><script charset=\"utf-8\" src=\"https:\/\/js-eu1.hscta.net\/cta\/current.js\"><\/script><script type=\"text\/javascript\"> hbspt.cta.load(25646044, 'f76cfdbf-3591-4dda-828b-092125eedb42', {\"useNewLoader\":\"true\",\"region\":\"eu1\"}); <\/script><\/span><!-- end HubSpot Call-to-Action Code -->\n<\/div><style type=\"text\/css\">\r\n@media screen and (min-width: 1201px) {\r\n.kuqky69f2bfffa6537 {\r\ndisplay: block;\r\n}\r\n}\r\n@media screen and (min-width: 993px) and (max-width: 1200px) {\r\n.kuqky69f2bfffa6537 {\r\ndisplay: block;\r\n}\r\n}\r\n@media screen and (min-width: 769px) and (max-width: 992px) {\r\n.kuqky69f2bfffa6537 {\r\ndisplay: block;\r\n}\r\n}\r\n@media screen and (min-width: 768px) and (max-width: 768px) {\r\n.kuqky69f2bfffa6537 {\r\ndisplay: block;\r\n}\r\n}\r\n@media screen and (max-width: 767px) {\r\n.kuqky69f2bfffa6537 {\r\ndisplay: block;\r\n}\r\n}\r\n<\/style>\r\n<div class=\"ptuwq69f2bfffa64a2\" ><div style=\"margin: 20px 0px;\">\n                <!--HubSpot Call-to-Action Code --><span class=\"hs-cta-wrapper\" id=\"hs-cta-wrapper-d24c93bc-7b60-4339-bff4-106b7c262800\"><span class=\"hs-cta-node hs-cta-d24c93bc-7b60-4339-bff4-106b7c262800\" id=\"hs-cta-d24c93bc-7b60-4339-bff4-106b7c262800\"><!--[if lte IE 8]><div id=\"hs-cta-ie-element\"><\/div><![endif]--><a href=\"https:\/\/hubspot-cta-redirect-eu1-prod.s3.amazonaws.com\/cta\/redirect\/25646044\/d24c93bc-7b60-4339-bff4-106b7c262800\" target=\"_blank\" rel=\"noopener\"><img class=\"hs-cta-img colorbox-3307 lazyload\" id=\"hs-cta-img-d24c93bc-7b60-4339-bff4-106b7c262800\" style=\"border-width:0px;\" data-src=\"https:\/\/hubspot-no-cache-eu1-prod.s3.amazonaws.com\/cta\/default\/25646044\/d24c93bc-7b60-4339-bff4-106b7c262800.png\"  alt=\"jak za\u0142o\u017cy\u0107 sklep internetowy - pobierz e-booka \" src=\"data:image\/svg+xml;base64,PHN2ZyB3aWR0aD0iMSIgaGVpZ2h0PSIxIiB4bWxucz0iaHR0cDovL3d3dy53My5vcmcvMjAwMC9zdmciPjwvc3ZnPg==\" \/><\/a><\/span><script charset=\"utf-8\" src=\"https:\/\/js-eu1.hscta.net\/cta\/current.js\"><\/script><script type=\"text\/javascript\"> hbspt.cta.load(25646044, 'd24c93bc-7b60-4339-bff4-106b7c262800', {\"useNewLoader\":\"true\",\"region\":\"eu1\"}); <\/script><\/span><!-- end HubSpot Call-to-Action Code -->\n            <\/div><\/div><style type=\"text\/css\">\r\n@media screen and (min-width: 1201px) {\r\n.ptuwq69f2bfffa64a2 {\r\ndisplay: block;\r\n}\r\n}\r\n@media screen and (min-width: 993px) and (max-width: 1200px) {\r\n.ptuwq69f2bfffa64a2 {\r\ndisplay: block;\r\n}\r\n}\r\n@media screen and (min-width: 769px) and (max-width: 992px) {\r\n.ptuwq69f2bfffa64a2 {\r\ndisplay: block;\r\n}\r\n}\r\n@media screen and (min-width: 768px) and (max-width: 768px) {\r\n.ptuwq69f2bfffa64a2 {\r\ndisplay: block;\r\n}\r\n}\r\n@media screen and (max-width: 767px) {\r\n.ptuwq69f2bfffa64a2 {\r\ndisplay: block;\r\n}\r\n}\r\n<\/style>\r\n\n\n\n<div class=\"kk-star-ratings kksr-auto kksr-align-left kksr-valign-bottom\"\n    data-payload='{&quot;align&quot;:&quot;left&quot;,&quot;id&quot;:&quot;3307&quot;,&quot;slug&quot;:&quot;default&quot;,&quot;valign&quot;:&quot;bottom&quot;,&quot;ignore&quot;:&quot;&quot;,&quot;reference&quot;:&quot;auto&quot;,&quot;class&quot;:&quot;&quot;,&quot;count&quot;:&quot;3&quot;,&quot;legendonly&quot;:&quot;&quot;,&quot;readonly&quot;:&quot;&quot;,&quot;score&quot;:&quot;5&quot;,&quot;starsonly&quot;:&quot;&quot;,&quot;best&quot;:&quot;5&quot;,&quot;gap&quot;:&quot;5&quot;,&quot;greet&quot;:&quot;Rate this post&quot;,&quot;legend&quot;:&quot;5\\\/5 - (3 ocena)&quot;,&quot;size&quot;:&quot;22&quot;,&quot;title&quot;:&quot;Jakie s\u0105 wymiary grafik dla Facebooka?&quot;,&quot;width&quot;:&quot;132.5&quot;,&quot;_legend&quot;:&quot;{score}\\\/{best} - ({count} ocena)&quot;,&quot;font_factor&quot;:&quot;1.25&quot;}'>\n            \n<div class=\"kksr-stars\">\n    \n<div class=\"kksr-stars-inactive\">\n            <div class=\"kksr-star\" data-star=\"1\" style=\"padding-right: 5px\">\n            \n\n<div class=\"kksr-icon\" style=\"width: 22px; height: 22px;\"><\/div>\n        <\/div>\n            <div class=\"kksr-star\" data-star=\"2\" style=\"padding-right: 5px\">\n            \n\n<div class=\"kksr-icon\" style=\"width: 22px; height: 22px;\"><\/div>\n        <\/div>\n            <div class=\"kksr-star\" data-star=\"3\" style=\"padding-right: 5px\">\n            \n\n<div class=\"kksr-icon\" style=\"width: 22px; height: 22px;\"><\/div>\n        <\/div>\n            <div class=\"kksr-star\" data-star=\"4\" style=\"padding-right: 5px\">\n            \n\n<div class=\"kksr-icon\" style=\"width: 22px; height: 22px;\"><\/div>\n        <\/div>\n            <div class=\"kksr-star\" data-star=\"5\" style=\"padding-right: 5px\">\n            \n\n<div class=\"kksr-icon\" style=\"width: 22px; height: 22px;\"><\/div>\n        <\/div>\n    <\/div>\n    \n<div class=\"kksr-stars-active\" style=\"width: 132.5px;\">\n            <div class=\"kksr-star\" style=\"padding-right: 5px\">\n            \n\n<div class=\"kksr-icon\" style=\"width: 22px; height: 22px;\"><\/div>\n        <\/div>\n            <div class=\"kksr-star\" style=\"padding-right: 5px\">\n            \n\n<div class=\"kksr-icon\" style=\"width: 22px; height: 22px;\"><\/div>\n        <\/div>\n            <div class=\"kksr-star\" style=\"padding-right: 5px\">\n            \n\n<div class=\"kksr-icon\" style=\"width: 22px; height: 22px;\"><\/div>\n        <\/div>\n            <div class=\"kksr-star\" style=\"padding-right: 5px\">\n            \n\n<div class=\"kksr-icon\" style=\"width: 22px; height: 22px;\"><\/div>\n        <\/div>\n            <div class=\"kksr-star\" style=\"padding-right: 5px\">\n            \n\n<div class=\"kksr-icon\" style=\"width: 22px; height: 22px;\"><\/div>\n        <\/div>\n    <\/div>\n<\/div>\n                \n\n<div class=\"kksr-legend\" style=\"font-size: 17.6px;\">\n            5\/5 - (3 ocena)    <\/div>\n    <\/div>\n","protected":false},"excerpt":{"rendered":"<p>Kolejny raz zastanawiasz si\u0119, jakie s\u0105 odpowiednie wymiary grafik na Facebooku? Jaki przyk\u0142adowo formaty powinno mie\u0107 zdj\u0119cie w tle, grafika do Facebook Stories albo jaki wsp\u00f3\u0142czynnik proporcji jest najlepszy dla postu pionowego na tablicy? Wymiary poszczeg\u00f3lnych grafik zmieniaj\u0105 si\u0119 co jaki\u015b czas, dlatego warto by\u0107 na bie\u017c\u0105co z wytycznymi platformy. Zapoznaj si\u0119 z naszym przewodnikiem [&hellip;]<\/p>\n","protected":false},"author":101035,"featured_media":8189,"comment_status":"open","ping_status":"closed","sticky":false,"template":"","format":"standard","meta":{"_acf_changed":false,"_jetpack_newsletter_access":"","_jetpack_dont_email_post_to_subs":false,"_jetpack_newsletter_tier_id":0,"_jetpack_memberships_contains_paywalled_content":false,"_jetpack_memberships_contains_paid_content":false,"footnotes":""},"categories":[19],"tags":[145,54,75,76,161,82,239,211,125,241],"class_list":["post-3307","post","type-post","status-publish","format-standard","has-post-thumbnail","hentry","category-social-media","tag-blog","tag-ciekawostki-2","tag-facebook","tag-facebook-ads","tag-grafika","tag-infografika","tag-media-spolecznosciowe","tag-smm","tag-social-media","tag-social-media-marketing"],"acf":[],"yoast_head":"<!-- This site is optimized with the Yoast SEO plugin v27.3 - https:\/\/yoast.com\/product\/yoast-seo-wordpress\/ -->\n<title>Aktualne wymiary grafik dla Facebooka - WeNet<\/title>\n<meta name=\"description\" content=\"Zastanawiasz si\u0119 jakie wymiary ma zdj\u0119cie w tle na Facebooku, albo w jakich proporcjach wstawi\u0107 zdj\u0119cie pionowe w po\u015bcie? Zapoznaj si\u0119 z naszym przewodnikiem\" \/>\n<meta name=\"robots\" content=\"index, follow, max-snippet:-1, max-image-preview:large, max-video-preview:-1\" \/>\n<link rel=\"canonical\" href=\"https:\/\/wenet.pl\/blog\/wymiary-grafik-dla-facebooka\/\" \/>\n<meta property=\"og:locale\" content=\"pl_PL\" \/>\n<meta property=\"og:type\" content=\"article\" \/>\n<meta property=\"og:title\" content=\"Wymiary grafik dla Facebooka\" \/>\n<meta property=\"og:description\" content=\"Zastanawiasz si\u0119 jakie wymiary ma zdj\u0119cie w tle na Facebooku, albo w jakich proporcjach wstawi\u0107 zdj\u0119cie pionowe w po\u015bcie, \u017ceby si\u0119 dobrze przeskalowa\u0142o? Zapewne widzisz te\u017c r\u00f3\u017cnice miedzy wymiarami post\u00f3w na komputerach oraz na urz\u0105dzeniach mobilnych. Na poni\u017cszych infografikach podpowiadamy, jakie wymiary powinny mie\u0107 elementy graficzne na Facebooku.\" \/>\n<meta property=\"og:url\" content=\"https:\/\/wenet.pl\/blog\/wymiary-grafik-dla-facebooka\/\" \/>\n<meta property=\"og:site_name\" content=\"WeNet\" \/>\n<meta property=\"article:publisher\" content=\"https:\/\/www.facebook.com\/WeNet.Group\/\" \/>\n<meta property=\"article:published_time\" content=\"2024-08-09T13:56:41+00:00\" \/>\n<meta property=\"article:modified_time\" content=\"2024-08-09T13:58:14+00:00\" \/>\n<meta property=\"og:image\" content=\"https:\/\/prodblog.wenet.pl\/blog\/wp-content\/uploads\/2019\/01\/grafika_facebook.jpg\" \/>\n<meta name=\"author\" content=\"WeNet Group\" \/>\n<meta name=\"twitter:card\" content=\"summary_large_image\" \/>\n<meta name=\"twitter:title\" content=\"Wymiary grafik dla Facebooka\" \/>\n<meta name=\"twitter:description\" content=\"Zastanawiasz si\u0119 jakie wymiary ma zdj\u0119cie w tle na Facebooku, albo w jakich proporcjach wstawi\u0107 zdj\u0119cie pionowe w po\u015bcie, \u017ceby si\u0119 dobrze przeskalowa\u0142o? Zapewne widzisz te\u017c r\u00f3\u017cnice miedzy wymiarami post\u00f3w na komputerach oraz na urz\u0105dzeniach mobilnych. Na poni\u017cszych infografikach podpowiadamy, jakie wymiary powinny mie\u0107 elementy graficzne na Facebooku.\" \/>\n<meta name=\"twitter:image\" content=\"https:\/\/prodblog.wenet.pl\/blog\/wp-content\/uploads\/2019\/01\/grafika_facebook.jpg\" \/>\n<meta name=\"twitter:label1\" content=\"Napisane przez\" \/>\n\t<meta name=\"twitter:data1\" content=\"WeNet Group\" \/>\n\t<meta name=\"twitter:label2\" content=\"Szacowany czas czytania\" \/>\n\t<meta name=\"twitter:data2\" content=\"8 minut\" \/>\n<!-- \/ Yoast SEO plugin. -->","yoast_head_json":{"title":"Aktualne wymiary grafik dla Facebooka - WeNet","description":"Zastanawiasz si\u0119 jakie wymiary ma zdj\u0119cie w tle na Facebooku, albo w jakich proporcjach wstawi\u0107 zdj\u0119cie pionowe w po\u015bcie? Zapoznaj si\u0119 z naszym przewodnikiem","robots":{"index":"index","follow":"follow","max-snippet":"max-snippet:-1","max-image-preview":"max-image-preview:large","max-video-preview":"max-video-preview:-1"},"canonical":"https:\/\/wenet.pl\/blog\/wymiary-grafik-dla-facebooka\/","og_locale":"pl_PL","og_type":"article","og_title":"Wymiary grafik dla Facebooka","og_description":"Zastanawiasz si\u0119 jakie wymiary ma zdj\u0119cie w tle na Facebooku, albo w jakich proporcjach wstawi\u0107 zdj\u0119cie pionowe w po\u015bcie, \u017ceby si\u0119 dobrze przeskalowa\u0142o? Zapewne widzisz te\u017c r\u00f3\u017cnice miedzy wymiarami post\u00f3w na komputerach oraz na urz\u0105dzeniach mobilnych. Na poni\u017cszych infografikach podpowiadamy, jakie wymiary powinny mie\u0107 elementy graficzne na Facebooku.","og_url":"https:\/\/wenet.pl\/blog\/wymiary-grafik-dla-facebooka\/","og_site_name":"WeNet","article_publisher":"https:\/\/www.facebook.com\/WeNet.Group\/","article_published_time":"2024-08-09T13:56:41+00:00","article_modified_time":"2024-08-09T13:58:14+00:00","og_image":[{"url":"https:\/\/prodblog.wenet.pl\/blog\/wp-content\/uploads\/2019\/01\/grafika_facebook.jpg","type":"","width":"","height":""}],"author":"WeNet Group","twitter_card":"summary_large_image","twitter_title":"Wymiary grafik dla Facebooka","twitter_description":"Zastanawiasz si\u0119 jakie wymiary ma zdj\u0119cie w tle na Facebooku, albo w jakich proporcjach wstawi\u0107 zdj\u0119cie pionowe w po\u015bcie, \u017ceby si\u0119 dobrze przeskalowa\u0142o? Zapewne widzisz te\u017c r\u00f3\u017cnice miedzy wymiarami post\u00f3w na komputerach oraz na urz\u0105dzeniach mobilnych. Na poni\u017cszych infografikach podpowiadamy, jakie wymiary powinny mie\u0107 elementy graficzne na Facebooku.","twitter_image":"https:\/\/prodblog.wenet.pl\/blog\/wp-content\/uploads\/2019\/01\/grafika_facebook.jpg","twitter_misc":{"Napisane przez":"WeNet Group","Szacowany czas czytania":"8 minut"},"schema":{"@context":"https:\/\/schema.org","@graph":[{"@type":"Article","@id":"https:\/\/wenet.pl\/blog\/wymiary-grafik-dla-facebooka\/#article","isPartOf":{"@id":"https:\/\/wenet.pl\/blog\/wymiary-grafik-dla-facebooka\/"},"author":{"name":"WeNet Group","@id":"https:\/\/wenet.pl\/blog\/#\/schema\/person\/b78075deda3b15d0d42622002ce04888"},"headline":"Jakie s\u0105 wymiary grafik dla Facebooka?","datePublished":"2024-08-09T13:56:41+00:00","dateModified":"2024-08-09T13:58:14+00:00","mainEntityOfPage":{"@id":"https:\/\/wenet.pl\/blog\/wymiary-grafik-dla-facebooka\/"},"wordCount":1240,"commentCount":0,"publisher":{"@id":"https:\/\/wenet.pl\/blog\/#organization"},"image":{"@id":"https:\/\/wenet.pl\/blog\/wymiary-grafik-dla-facebooka\/#primaryimage"},"thumbnailUrl":"https:\/\/wenet.pl\/blog\/wp-content\/uploads\/2023\/07\/Blog_WeNet-5.png","keywords":["blog","ciekawostki","facebook","facebook ads","grafika","infografika","media spo\u0142eczno\u015bciowe","SMM","Social Media","social media marketing"],"articleSection":["Social Media"],"inLanguage":"pl-PL","potentialAction":[{"@type":"CommentAction","name":"Comment","target":["https:\/\/wenet.pl\/blog\/wymiary-grafik-dla-facebooka\/#respond"]}]},{"@type":"WebPage","@id":"https:\/\/wenet.pl\/blog\/wymiary-grafik-dla-facebooka\/","url":"https:\/\/wenet.pl\/blog\/wymiary-grafik-dla-facebooka\/","name":"Aktualne wymiary grafik dla Facebooka","isPartOf":{"@id":"https:\/\/wenet.pl\/blog\/#website"},"primaryImageOfPage":{"@id":"https:\/\/wenet.pl\/blog\/wymiary-grafik-dla-facebooka\/#primaryimage"},"image":{"@id":"https:\/\/wenet.pl\/blog\/wymiary-grafik-dla-facebooka\/#primaryimage"},"thumbnailUrl":"https:\/\/wenet.pl\/blog\/wp-content\/uploads\/2023\/07\/Blog_WeNet-5.png","datePublished":"2024-08-09T13:56:41+00:00","dateModified":"2024-08-09T13:58:14+00:00","description":"Zastanawiasz si\u0119 jakie wymiary ma zdj\u0119cie w tle na Facebooku, albo w jakich proporcjach wstawi\u0107 zdj\u0119cie pionowe w po\u015bcie? Zapoznaj si\u0119 z naszym przewodnikiem","breadcrumb":{"@id":"https:\/\/wenet.pl\/blog\/wymiary-grafik-dla-facebooka\/#breadcrumb"},"inLanguage":"pl-PL","potentialAction":[{"@type":"ReadAction","target":["https:\/\/wenet.pl\/blog\/wymiary-grafik-dla-facebooka\/"]}]},{"@type":"ImageObject","inLanguage":"pl-PL","@id":"https:\/\/wenet.pl\/blog\/wymiary-grafik-dla-facebooka\/#primaryimage","url":"https:\/\/wenet.pl\/blog\/wp-content\/uploads\/2023\/07\/Blog_WeNet-5.png","contentUrl":"https:\/\/wenet.pl\/blog\/wp-content\/uploads\/2023\/07\/Blog_WeNet-5.png","width":1080,"height":720,"caption":"wymiary zdj\u0119\u0107 fb jakie s\u0105 aktualne"},{"@type":"BreadcrumbList","@id":"https:\/\/wenet.pl\/blog\/wymiary-grafik-dla-facebooka\/#breadcrumb","itemListElement":[{"@type":"ListItem","position":1,"name":"Blog","item":"https:\/\/wenet.pl\/blog\/"},{"@type":"ListItem","position":2,"name":"Jakie s\u0105 wymiary grafik dla Facebooka?"}]},{"@type":"WebSite","@id":"https:\/\/wenet.pl\/blog\/#website","url":"https:\/\/wenet.pl\/blog\/","name":"WeNet","description":"","publisher":{"@id":"https:\/\/wenet.pl\/blog\/#organization"},"potentialAction":[{"@type":"SearchAction","target":{"@type":"EntryPoint","urlTemplate":"https:\/\/wenet.pl\/blog\/?s={search_term_string}"},"query-input":{"@type":"PropertyValueSpecification","valueRequired":true,"valueName":"search_term_string"}}],"inLanguage":"pl-PL"},{"@type":"Organization","@id":"https:\/\/wenet.pl\/blog\/#organization","name":"WeNet","url":"https:\/\/wenet.pl\/blog\/","logo":{"@type":"ImageObject","inLanguage":"pl-PL","@id":"https:\/\/wenet.pl\/blog\/#\/schema\/logo\/image\/","url":"https:\/\/wenet.pl\/blog\/wp-content\/uploads\/2021\/10\/logo-wenet-1.png","contentUrl":"https:\/\/wenet.pl\/blog\/wp-content\/uploads\/2021\/10\/logo-wenet-1.png","width":234,"height":56,"caption":"WeNet"},"image":{"@id":"https:\/\/wenet.pl\/blog\/#\/schema\/logo\/image\/"},"sameAs":["https:\/\/www.facebook.com\/WeNet.Group\/"]},{"@type":"Person","@id":"https:\/\/wenet.pl\/blog\/#\/schema\/person\/b78075deda3b15d0d42622002ce04888","name":"WeNet Group","image":{"@type":"ImageObject","inLanguage":"pl-PL","@id":"https:\/\/wenet.pl\/blog\/wp-content\/uploads\/2025\/10\/wenet-blog.png","url":"https:\/\/wenet.pl\/blog\/wp-content\/uploads\/2025\/10\/wenet-blog.png","contentUrl":"https:\/\/wenet.pl\/blog\/wp-content\/uploads\/2025\/10\/wenet-blog.png","caption":"WeNet Group"},"description":"Tw\u00f3j Doradca Internetowy","sameAs":["https:\/\/wenet.pl\/"],"url":"https:\/\/wenet.pl\/blog\/author\/wenet-group\/"}]}},"jetpack_featured_media_url":"https:\/\/wenet.pl\/blog\/wp-content\/uploads\/2023\/07\/Blog_WeNet-5.png","jetpack_shortlink":"https:\/\/wp.me\/p5muuP-Rl","jetpack_sharing_enabled":true,"_links":{"self":[{"href":"https:\/\/wenet.pl\/blog\/wp-json\/wp\/v2\/posts\/3307","targetHints":{"allow":["GET"]}}],"collection":[{"href":"https:\/\/wenet.pl\/blog\/wp-json\/wp\/v2\/posts"}],"about":[{"href":"https:\/\/wenet.pl\/blog\/wp-json\/wp\/v2\/types\/post"}],"author":[{"embeddable":true,"href":"https:\/\/wenet.pl\/blog\/wp-json\/wp\/v2\/users\/101035"}],"replies":[{"embeddable":true,"href":"https:\/\/wenet.pl\/blog\/wp-json\/wp\/v2\/comments?post=3307"}],"version-history":[{"count":10,"href":"https:\/\/wenet.pl\/blog\/wp-json\/wp\/v2\/posts\/3307\/revisions"}],"predecessor-version":[{"id":11092,"href":"https:\/\/wenet.pl\/blog\/wp-json\/wp\/v2\/posts\/3307\/revisions\/11092"}],"wp:featuredmedia":[{"embeddable":true,"href":"https:\/\/wenet.pl\/blog\/wp-json\/wp\/v2\/media\/8189"}],"wp:attachment":[{"href":"https:\/\/wenet.pl\/blog\/wp-json\/wp\/v2\/media?parent=3307"}],"wp:term":[{"taxonomy":"category","embeddable":true,"href":"https:\/\/wenet.pl\/blog\/wp-json\/wp\/v2\/categories?post=3307"},{"taxonomy":"post_tag","embeddable":true,"href":"https:\/\/wenet.pl\/blog\/wp-json\/wp\/v2\/tags?post=3307"}],"curies":[{"name":"wp","href":"https:\/\/api.w.org\/{rel}","templated":true}]}}