{"id":3606,"date":"2019-05-08T12:37:10","date_gmt":"2019-05-08T10:37:10","guid":{"rendered":"https:\/\/prodblog.wenet.pl\/?p=3606"},"modified":"2023-10-12T15:41:10","modified_gmt":"2023-10-12T13:41:10","slug":"podsumowanie-tegorocznej-f8-developer-conference-czego-dotycza-zapowiedziane-aktualizacje-zmiany-na-facebooku-messengerze-instagramie","status":"publish","type":"post","link":"https:\/\/wenet.pl\/blog\/podsumowanie-tegorocznej-f8-developer-conference-czego-dotycza-zapowiedziane-aktualizacje-zmiany-na-facebooku-messengerze-instagramie\/","title":{"rendered":"Podsumowanie tegorocznej F8 Developer Conference. Czego dotycz\u0105 zapowiedziane aktualizacje i zmiany na Facebooku, Messengerze i Instagramie?"},"content":{"rendered":"<p><img decoding=\"async\" class=\"aligncenter wp-image-3607  colorbox-3606 lazyload\" data-src=\"https:\/\/wenet.pl\/blog\/wp-content\/uploads\/2019\/05\/Podsumowanie_tegorocznej_F8_Developer_Conference.png\" alt=\"Podsumowanie tegorocznej F8 Developer Conference. Czego dotycz\u0105 zapowiedziane aktualizacje i zmiany na Facebooku, Messengerze i Instagramie\" width=\"711\" height=\"400\" data-srcset=\"https:\/\/wenet.pl\/blog\/wp-content\/uploads\/2019\/05\/Podsumowanie_tegorocznej_F8_Developer_Conference.png 560w, https:\/\/wenet.pl\/blog\/wp-content\/uploads\/2019\/05\/Podsumowanie_tegorocznej_F8_Developer_Conference-200x113.png 200w, https:\/\/wenet.pl\/blog\/wp-content\/uploads\/2019\/05\/Podsumowanie_tegorocznej_F8_Developer_Conference-533x300.png 533w\" data-sizes=\"(max-width: 711px) 100vw, 711px\" src=\"data:image\/svg+xml;base64,PHN2ZyB3aWR0aD0iMSIgaGVpZ2h0PSIxIiB4bWxucz0iaHR0cDovL3d3dy53My5vcmcvMjAwMC9zdmciPjwvc3ZnPg==\" style=\"--smush-placeholder-width: 711px; --smush-placeholder-aspect-ratio: 711\/400;\" \/><\/p>\n<p>Podczas d\u0142ugiego maj\u00f3wkowego weekendu, \u015bwiat aktywnie dyskutowa\u0142 na temat konferencji F8, na kt\u00f3rej zosta\u0142y og\u0142oszone powa\u017cne zmiany w funkcjonalno\u015bci najpopularniejszych sieci spo\u0142eczno\u015bciowych. I my nie mo\u017cemy ich pomin\u0105\u0107, dlatego w jednym artykule zebrali\u015bmy wszystkie tematy i g\u0142\u00f3wne og\u0142oszenia, zapowiedziane na konferencji deweloper\u00f3w F8 2019.<\/p>\n<p>F8 Developer Conference ju\u017c tradycyjnie otworzy\u0142 w\u0142a\u015bciciel Facebooka, Messengera i Instagrama \u2013 Mark Zuckerberg \u2013 i od razu powiedzia\u0142: \u201eThe future is private!\u201d. Nic dziwnego w tym, \u017ce te s\u0142owa sta\u0142y si\u0119 motywem przewodnim ca\u0142ego wydarzenia, bior\u0105c pod uwag\u0119 ci\u0105g\u0142e problemy z ochron\u0105 danych prywatnych, o <a href=\"https:\/\/wenet.pl\/blog\/facebook-zaszyfruje-wszystko-co-sie-da-mark-zuckerberg-przedstawil-swoja-wizje-rozwoju-platformy\/\">planowaniu szyfrowania<\/a> kt\u00f3rych pisali\u015bmy ju\u017c na naszym Blogu.<\/p>\n<h2><strong>Nowy wygl\u0105d Facebooka \u2013 radykalne zmiany<\/strong><\/h2>\n<p>Na konferencji Mark Zuckerberg poinformowa\u0142 o du\u017cej przebudowie serwisu spo\u0142eczno\u015bciowego i jego aplikacji mobilnej. G\u0142\u00f3wn\u0105 wizualn\u0105 zmian\u0105 jest usuni\u0119cie tradycyjnego niebieskiego paska w g\u00f3rnej cz\u0119\u015bci strony, na kt\u00f3rej znajduje si\u0119 g\u0142\u00f3wne menu sieci spo\u0142eczno\u015bciowej. Przeprojektowanie o kryptonimie FB5, b\u0119dzie jednym z najwi\u0119kszych w 15-letniej historii serwisu. Niebieski pasek pozostawa\u0142 integralnym elementem obecnym nieprzerwanie od pierwszej wersji Facebooka, wydanej w 2004 roku. W przeciwie\u0144stwie do poprzednich aktualizacji, tym razem nie ominie ona kultowego niebieskiego paska.<\/p>\n<p><span class=\"embed-youtube\" style=\"text-align:center; display: block;\"><iframe class=\"youtube-player lazyload\" width=\"696\" height=\"392\" data-src=\"https:\/\/www.youtube.com\/embed\/Ju9K80iJRfU?version=3&#038;rel=1&#038;showsearch=0&#038;showinfo=1&#038;iv_load_policy=1&#038;fs=1&#038;hl=pl-PL&#038;autohide=2&#038;wmode=transparent\" allowfullscreen=\"true\" style=\"border:0;\" sandbox=\"allow-scripts allow-same-origin allow-popups allow-presentation allow-popups-to-escape-sandbox\" src=\"data:image\/svg+xml;base64,PHN2ZyB3aWR0aD0iMSIgaGVpZ2h0PSIxIiB4bWxucz0iaHR0cDovL3d3dy53My5vcmcvMjAwMC9zdmciPjwvc3ZnPg==\" data-load-mode=\"1\"><\/iframe><\/span><\/p>\n<p>W nowym projekcie nacisk postawiono na jasne kolory. Pasek, na kt\u00f3rym b\u0119dzie znajdowa\u0107 si\u0119 g\u0142\u00f3wne menu serwisu stanie si\u0119 bia\u0142y, a niebieski kolor pozostanie tylko w ikonach, niekt\u00f3rych linkach i logo, kt\u00f3re od tej pory b\u0119dzie wy\u015bwietlone w k\u00f3\u0142ku, a nie w kwadracie jak dotychczas. Struktura strony nie zmieni si\u0119 znacz\u0105co, u\u017cytkownik zobaczy menu z grupami i aplikacjami wewn\u0105trz Facebooka po lewej stronie, news feed jak zwykle w centrum i kontakty prywatne po prawej stronie. Dodatkowo, postanowiono menu wyszukiwania nowych grup umie\u015bci\u0107 na stronie g\u0142\u00f3wnej serwisu i zlokalizowa\u0107 je nad kontaktami u\u017cytkownika.<img decoding=\"async\" class=\"aligncenter size-full wp-image-3608 colorbox-3606 lazyload\" data-src=\"https:\/\/wenet.pl\/blog\/wp-content\/uploads\/2019\/05\/News_Feed_Facebook.jpg\" alt=\"Podsumowanie tegorocznej F8 Developer Conference. Czego dotycz\u0105 zapowiedziane aktualizacje i zmiany na Facebooku, Messengerze i Instagramie?\" width=\"1920\" height=\"1311\" data-srcset=\"https:\/\/wenet.pl\/blog\/wp-content\/uploads\/2019\/05\/News_Feed_Facebook.jpg 1920w, https:\/\/wenet.pl\/blog\/wp-content\/uploads\/2019\/05\/News_Feed_Facebook-200x137.jpg 200w, https:\/\/wenet.pl\/blog\/wp-content\/uploads\/2019\/05\/News_Feed_Facebook-439x300.jpg 439w, https:\/\/wenet.pl\/blog\/wp-content\/uploads\/2019\/05\/News_Feed_Facebook-768x524.jpg 768w, https:\/\/wenet.pl\/blog\/wp-content\/uploads\/2019\/05\/News_Feed_Facebook-1200x819.jpg 1200w, https:\/\/wenet.pl\/blog\/wp-content\/uploads\/2019\/05\/News_Feed_Facebook-218x150.jpg 218w, https:\/\/wenet.pl\/blog\/wp-content\/uploads\/2019\/05\/News_Feed_Facebook-696x475.jpg 696w, https:\/\/wenet.pl\/blog\/wp-content\/uploads\/2019\/05\/News_Feed_Facebook-1068x729.jpg 1068w, https:\/\/wenet.pl\/blog\/wp-content\/uploads\/2019\/05\/News_Feed_Facebook-615x420.jpg 615w, https:\/\/wenet.pl\/blog\/wp-content\/uploads\/2019\/05\/News_Feed_Facebook-1230x840.jpg 1230w\" data-sizes=\"(max-width: 1920px) 100vw, 1920px\" src=\"data:image\/svg+xml;base64,PHN2ZyB3aWR0aD0iMSIgaGVpZ2h0PSIxIiB4bWxucz0iaHR0cDovL3d3dy53My5vcmcvMjAwMC9zdmciPjwvc3ZnPg==\" style=\"--smush-placeholder-width: 1920px; --smush-placeholder-aspect-ratio: 1920\/1311;\" \/><\/p>\n<p>Tw\u00f3rcy Facebooka uwa\u017caj\u0105, \u017ce takie podej\u015bcie umo\u017cliwi u\u017cytkownikom \u0142atwiejsze znajdowanie interesuj\u0105cych grup i \u0142atwiejsze interakcje z nimi. Jednocze\u015bnie sie\u0107 spo\u0142eczno\u015bciowa zapewnia indywidualne podej\u015bcie do grup o r\u00f3\u017cnym charakterze. Na przyk\u0142ad w grupach medycznych b\u0119dzie mo\u017cliwo\u015b\u0107 w\u0142\u0105czenia opcji zadawania pyta\u0144 i publikowania post\u00f3w \u201eincognito\u201d.<\/p>\n<p><img decoding=\"async\" class=\"aligncenter size-full wp-image-3609 colorbox-3606 lazyload\" data-src=\"https:\/\/wenet.pl\/blog\/wp-content\/uploads\/2019\/05\/Facebook_F8.png\" alt=\"Facebook_F8\" width=\"3000\" height=\"1846\" data-srcset=\"https:\/\/wenet.pl\/blog\/wp-content\/uploads\/2019\/05\/Facebook_F8.png 3000w, https:\/\/wenet.pl\/blog\/wp-content\/uploads\/2019\/05\/Facebook_F8-200x123.png 200w, https:\/\/wenet.pl\/blog\/wp-content\/uploads\/2019\/05\/Facebook_F8-488x300.png 488w, https:\/\/wenet.pl\/blog\/wp-content\/uploads\/2019\/05\/Facebook_F8-768x473.png 768w, https:\/\/wenet.pl\/blog\/wp-content\/uploads\/2019\/05\/Facebook_F8-1200x738.png 1200w, https:\/\/wenet.pl\/blog\/wp-content\/uploads\/2019\/05\/Facebook_F8-356x220.png 356w, https:\/\/wenet.pl\/blog\/wp-content\/uploads\/2019\/05\/Facebook_F8-696x428.png 696w, https:\/\/wenet.pl\/blog\/wp-content\/uploads\/2019\/05\/Facebook_F8-1068x657.png 1068w, https:\/\/wenet.pl\/blog\/wp-content\/uploads\/2019\/05\/Facebook_F8-683x420.png 683w, https:\/\/wenet.pl\/blog\/wp-content\/uploads\/2019\/05\/Facebook_F8-1365x840.png 1365w, https:\/\/wenet.pl\/blog\/wp-content\/uploads\/2019\/05\/Facebook_F8-1920x1181.png 1920w\" data-sizes=\"(max-width: 3000px) 100vw, 3000px\" src=\"data:image\/svg+xml;base64,PHN2ZyB3aWR0aD0iMSIgaGVpZ2h0PSIxIiB4bWxucz0iaHR0cDovL3d3dy53My5vcmcvMjAwMC9zdmciPjwvc3ZnPg==\" style=\"--smush-placeholder-width: 3000px; --smush-placeholder-aspect-ratio: 3000\/1846;\" \/><\/p>\n<h2><strong>Jakie nowe funkcje pojawi\u0105 si\u0119 na Facebooku?<\/strong><\/h2>\n<p>W sieci spo\u0142eczno\u015bciowej Facebook pojawi si\u0119 wkr\u00f3tce nowa opcja, kt\u00f3ra pozwoli znale\u017a\u0107 nowych znajomych. Ona ma nazw\u0119 \u201eMeet New Friends\u201d i pozwoli u\u017cytkownikom odnale\u017a\u0107 osoby o podobnych zainteresowaniach, z kt\u00f3rymi u\u017cytkownik ma co\u015b wsp\u00f3lnego, na przyk\u0142ad konkretny uniwersytet, praca, ulica, dzielnica, miasto itp. Ta opcja jest oczywi\u015bcie dobrowolna, u\u017cytkownik musi najpierw wskaza\u0107, \u017ce jest otwarty na znalezienie nowych znajomo\u015bci. Facebook planuje dopiero rozpocz\u0105\u0107 testowanie tej funkcji, dlatego jej dost\u0119pno\u015b\u0107 dla u\u017cytkownik\u00f3w, pojawi si\u0119 dopiero po przeprojektowaniu wygl\u0105du serwisu.<\/p>\n<p><img decoding=\"async\" class=\"alignnone wp-image-3610  colorbox-3606 lazyload\" data-src=\"https:\/\/wenet.pl\/blog\/wp-content\/uploads\/2019\/05\/Meet_New_Friends.jpg\" alt=\"Meet_New_Friends_F8\" width=\"217\" height=\"439\" data-srcset=\"https:\/\/wenet.pl\/blog\/wp-content\/uploads\/2019\/05\/Meet_New_Friends.jpg 350w, https:\/\/wenet.pl\/blog\/wp-content\/uploads\/2019\/05\/Meet_New_Friends-79x160.jpg 79w, https:\/\/wenet.pl\/blog\/wp-content\/uploads\/2019\/05\/Meet_New_Friends-148x300.jpg 148w, https:\/\/wenet.pl\/blog\/wp-content\/uploads\/2019\/05\/Meet_New_Friends-207x420.jpg 207w\" data-sizes=\"(max-width: 217px) 100vw, 217px\" src=\"data:image\/svg+xml;base64,PHN2ZyB3aWR0aD0iMSIgaGVpZ2h0PSIxIiB4bWxucz0iaHR0cDovL3d3dy53My5vcmcvMjAwMC9zdmciPjwvc3ZnPg==\" style=\"--smush-placeholder-width: 217px; --smush-placeholder-aspect-ratio: 217\/439;\" \/><img decoding=\"async\" class=\"alignnone wp-image-3611 colorbox-3606 lazyload\" data-src=\"https:\/\/wenet.pl\/blog\/wp-content\/uploads\/2019\/05\/Meet_New_Friends_Facebook.jpg\" alt=\"Meet_New_Friends_Facebook\" width=\"217\" height=\"439\" data-srcset=\"https:\/\/wenet.pl\/blog\/wp-content\/uploads\/2019\/05\/Meet_New_Friends_Facebook.jpg 350w, https:\/\/wenet.pl\/blog\/wp-content\/uploads\/2019\/05\/Meet_New_Friends_Facebook-79x160.jpg 79w, https:\/\/wenet.pl\/blog\/wp-content\/uploads\/2019\/05\/Meet_New_Friends_Facebook-148x300.jpg 148w, https:\/\/wenet.pl\/blog\/wp-content\/uploads\/2019\/05\/Meet_New_Friends_Facebook-207x420.jpg 207w\" data-sizes=\"(max-width: 217px) 100vw, 217px\" src=\"data:image\/svg+xml;base64,PHN2ZyB3aWR0aD0iMSIgaGVpZ2h0PSIxIiB4bWxucz0iaHR0cDovL3d3dy53My5vcmcvMjAwMC9zdmciPjwvc3ZnPg==\" style=\"--smush-placeholder-width: 217px; --smush-placeholder-aspect-ratio: 217\/439;\" \/><img decoding=\"async\" class=\"alignnone wp-image-3612 colorbox-3606 lazyload\" data-src=\"https:\/\/wenet.pl\/blog\/wp-content\/uploads\/2019\/05\/Meet_New_Friends_Facebook_F8.jpg\" alt=\"Meet_New_Friends_Facebook_F8\" width=\"217\" height=\"439\" data-srcset=\"https:\/\/wenet.pl\/blog\/wp-content\/uploads\/2019\/05\/Meet_New_Friends_Facebook_F8.jpg 350w, https:\/\/wenet.pl\/blog\/wp-content\/uploads\/2019\/05\/Meet_New_Friends_Facebook_F8-79x160.jpg 79w, https:\/\/wenet.pl\/blog\/wp-content\/uploads\/2019\/05\/Meet_New_Friends_Facebook_F8-148x300.jpg 148w, https:\/\/wenet.pl\/blog\/wp-content\/uploads\/2019\/05\/Meet_New_Friends_Facebook_F8-207x420.jpg 207w\" data-sizes=\"(max-width: 217px) 100vw, 217px\" src=\"data:image\/svg+xml;base64,PHN2ZyB3aWR0aD0iMSIgaGVpZ2h0PSIxIiB4bWxucz0iaHR0cDovL3d3dy53My5vcmcvMjAwMC9zdmciPjwvc3ZnPg==\" style=\"--smush-placeholder-width: 217px; --smush-placeholder-aspect-ratio: 217\/439;\" \/><\/p>\n<p>Wiadomo te\u017c, \u017ce Facebook k\u0142adzie nacisk zacie\u015bnianie relacji mi\u0119dzyludzkich i chce, aby \u201eStories\u201d u\u017cytkownik\u00f3w by\u0142y cz\u0119\u015bciej ogl\u0105dalne. W aplikacjach mobilnych zmieni\u0142y si\u0119 ikonki \u201eStories\u201d u\u017cytkownik\u00f3w \u2013 s\u0105 szersze i bardziej przejrzyste, a przewijaj\u0105c news feed pojawiaj\u0105 si\u0119 od czasu od czasu, przypominaj\u0105c o potrzebie ich obejrzenia. Ponadto ogl\u0105danie \u201eStories\u201d jest teraz dost\u0119pne r\u00f3wnie\u017c na komputerach stacjonarnych.<\/p>\n<p>Dodatkowo zosta\u0142y zaktualizowane emotikony na Facebooku. Sta\u0142y si\u0119 one bardziej \u201e\u017cywe\u201d i maj\u0105 nasycone kolory.<\/p>\n<p><img decoding=\"async\" class=\"aligncenter wp-image-3613 colorbox-3606 lazyload\" data-src=\"https:\/\/wenet.pl\/blog\/wp-content\/uploads\/2019\/05\/emotikony.jpg\" alt=\"Podsumowanie tegorocznej F8 Developer Conference. Czego dotycz\u0105 zapowiedziane aktualizacje i zmiany na Facebooku, Messengerze i Instagramie?\" width=\"311\" height=\"65\" data-srcset=\"https:\/\/wenet.pl\/blog\/wp-content\/uploads\/2019\/05\/emotikony.jpg 575w, https:\/\/wenet.pl\/blog\/wp-content\/uploads\/2019\/05\/emotikony-200x42.jpg 200w\" data-sizes=\"(max-width: 311px) 100vw, 311px\" src=\"data:image\/svg+xml;base64,PHN2ZyB3aWR0aD0iMSIgaGVpZ2h0PSIxIiB4bWxucz0iaHR0cDovL3d3dy53My5vcmcvMjAwMC9zdmciPjwvc3ZnPg==\" style=\"--smush-placeholder-width: 311px; --smush-placeholder-aspect-ratio: 311\/65;\" \/><\/p>\n<h2><strong>Facebook Messenger Lite vs LightSpeed<\/strong><\/h2>\n<p>Jeszcze w pa\u017adzierniku 2016 roku ukaza\u0142a si\u0119 aplikacja <strong>Facebook Messenger Lite<\/strong>, kt\u00f3ra jest \u201emniejsz\u0105\u201d wersj\u0105 oryginalnego komunikatora z ograniczon\u0105 funkcjonalno\u015bci\u0105. Teraz Facebook przedstawi\u0142 projekt <strong>LightSpeed<\/strong> \u200b\u200b\u2013 l\u017cejsza i znacznie szybsza wersja aplikacji Messenger. B\u0119dzie ona uruchamia\u0142a si\u0119 szybciej ni\u017c w dwie sekundy, a jej waga b\u0119dzie zajmowa\u0142a mniej ni\u017c 30 MB. Dla por\u00f3wnania aktualna wersja Messenger wa\u017cy oko\u0142o 100 MB. Wprowadzenie LightSpeed \u200b\u200bpowinno nast\u0105pi\u0107 pod koniec 2019 roku.<\/p>\n<p>Messenger dla komputer\u00f3w stacjonarnych? Czemu nie! Facebook przedstawi\u0142 r\u00f3wnie\u017c Messenger dla komputer\u00f3w z systemem Windows i MacOS, kt\u00f3ry zawiera wszystkie g\u0142\u00f3wne funkcje komunikatora dla urz\u0105dze\u0144 mobilnych w tym grupowe po\u0142\u0105czenia wideo. Dzi\u0119ki temu u\u017cytkownicy mog\u0105 teraz korzysta\u0107 z Facebooka, Messengera nie tylko na swoich smartfonach i tabletach, ale tak\u017ce na komputerze. Wydanie desktopowej wersji aplikacji Facebook i Messenger jest zaplanowane ju\u017c w tym roku.<img decoding=\"async\" class=\"aligncenter size-full wp-image-3614 colorbox-3606 lazyload\" data-src=\"https:\/\/wenet.pl\/blog\/wp-content\/uploads\/2019\/05\/Messenger_LightSpeed.png\" alt=\"Messenger_LightSpeed\" width=\"770\" height=\"433\" data-srcset=\"https:\/\/wenet.pl\/blog\/wp-content\/uploads\/2019\/05\/Messenger_LightSpeed.png 770w, https:\/\/wenet.pl\/blog\/wp-content\/uploads\/2019\/05\/Messenger_LightSpeed-200x112.png 200w, https:\/\/wenet.pl\/blog\/wp-content\/uploads\/2019\/05\/Messenger_LightSpeed-533x300.png 533w, https:\/\/wenet.pl\/blog\/wp-content\/uploads\/2019\/05\/Messenger_LightSpeed-768x432.png 768w, https:\/\/wenet.pl\/blog\/wp-content\/uploads\/2019\/05\/Messenger_LightSpeed-696x391.png 696w, https:\/\/wenet.pl\/blog\/wp-content\/uploads\/2019\/05\/Messenger_LightSpeed-747x420.png 747w\" data-sizes=\"(max-width: 770px) 100vw, 770px\" src=\"data:image\/svg+xml;base64,PHN2ZyB3aWR0aD0iMSIgaGVpZ2h0PSIxIiB4bWxucz0iaHR0cDovL3d3dy53My5vcmcvMjAwMC9zdmciPjwvc3ZnPg==\" style=\"--smush-placeholder-width: 770px; --smush-placeholder-aspect-ratio: 770\/433;\" \/><img decoding=\"async\" class=\"aligncenter size-full wp-image-3615 colorbox-3606 lazyload\" data-src=\"https:\/\/wenet.pl\/blog\/wp-content\/uploads\/2019\/05\/Messenger_LightSpeed_F8.png\" alt=\"Messenger_LightSpeed_F8\" width=\"770\" height=\"433\" data-srcset=\"https:\/\/wenet.pl\/blog\/wp-content\/uploads\/2019\/05\/Messenger_LightSpeed_F8.png 770w, https:\/\/wenet.pl\/blog\/wp-content\/uploads\/2019\/05\/Messenger_LightSpeed_F8-200x112.png 200w, https:\/\/wenet.pl\/blog\/wp-content\/uploads\/2019\/05\/Messenger_LightSpeed_F8-533x300.png 533w, https:\/\/wenet.pl\/blog\/wp-content\/uploads\/2019\/05\/Messenger_LightSpeed_F8-768x432.png 768w, https:\/\/wenet.pl\/blog\/wp-content\/uploads\/2019\/05\/Messenger_LightSpeed_F8-696x391.png 696w, https:\/\/wenet.pl\/blog\/wp-content\/uploads\/2019\/05\/Messenger_LightSpeed_F8-747x420.png 747w\" data-sizes=\"(max-width: 770px) 100vw, 770px\" src=\"data:image\/svg+xml;base64,PHN2ZyB3aWR0aD0iMSIgaGVpZ2h0PSIxIiB4bWxucz0iaHR0cDovL3d3dy53My5vcmcvMjAwMC9zdmciPjwvc3ZnPg==\" style=\"--smush-placeholder-width: 770px; --smush-placeholder-aspect-ratio: 770\/433;\" \/><\/p>\n<p>Ju\u017c w niedalekiej przysz\u0142o\u015bci w programie Messenger pojawi si\u0119 nowa funkcja udost\u0119pniania wideo w czasie rzeczywistym oraz specjalne miejsce do komunikowania si\u0119 z najbli\u017cszymi przyjaci\u00f3\u0142mi.<\/p>\n<h2><strong>Messenger Lead Generation<\/strong><\/h2>\n<p>Messenger wprowadza dwie nowe funkcje dla firm: szablony generowania lead\u00f3w i interfejs dla rezerwacji termin\u00f3w spotka\u0144 czy innych dost\u0119pnych us\u0142ug za po\u015brednictwem Messengera, kt\u00f3ry b\u0119dzie zintegrowany bezpo\u015brednio z kalendarzem.<\/p>\n<p>Dla firm b\u0119dzie dost\u0119pny dedykowany szablon na platformie <a href=\"https:\/\/wenet.pl\/blog\/google-ads-google-marketing-platform-google-ad-manager\/\">Ads Manager<\/a> na Facebooku, w ramach kt\u00f3rego pojawi si\u0119 mo\u017cliwo\u015b\u0107 utworzenia prostej ankiety, kt\u00f3ra b\u0119dzie zawiera\u0142a proste pytania czy odpowiedzi. Wspomniana ankieta b\u0119dzie pokazywana u\u017cytkownikom na platformie Messengera jako reklama i b\u0119dzie pozwala\u0142a na zbieranie informacji o potrzebach potencjalnych klient\u00f3w.<\/p>\n<p>Jak wspomnieli\u015bmy, funkcja rezerwacji termin\u00f3w spotka\u0144 czy innych us\u0142ug b\u0119dzie zintegrowana z systemami kalendarza i obejmie API platformy Messenger, dzi\u0119ki czemu klienci b\u0119d\u0105 mogli zobaczy\u0107 dost\u0119pno\u015b\u0107 firmy i zarezerwowa\u0107 termin na podstawie otwartych przedzia\u0142\u00f3w czasowych.<img decoding=\"async\" class=\"aligncenter size-full wp-image-3616 colorbox-3606 lazyload\" data-src=\"https:\/\/wenet.pl\/blog\/wp-content\/uploads\/2019\/05\/Messenger_Lead_Generation.png\" alt=\"Messenger Lead Generation\" width=\"1142\" height=\"547\" data-srcset=\"https:\/\/wenet.pl\/blog\/wp-content\/uploads\/2019\/05\/Messenger_Lead_Generation.png 1142w, https:\/\/wenet.pl\/blog\/wp-content\/uploads\/2019\/05\/Messenger_Lead_Generation-200x96.png 200w, https:\/\/wenet.pl\/blog\/wp-content\/uploads\/2019\/05\/Messenger_Lead_Generation-626x300.png 626w, https:\/\/wenet.pl\/blog\/wp-content\/uploads\/2019\/05\/Messenger_Lead_Generation-768x368.png 768w, https:\/\/wenet.pl\/blog\/wp-content\/uploads\/2019\/05\/Messenger_Lead_Generation-696x333.png 696w, https:\/\/wenet.pl\/blog\/wp-content\/uploads\/2019\/05\/Messenger_Lead_Generation-1068x512.png 1068w, https:\/\/wenet.pl\/blog\/wp-content\/uploads\/2019\/05\/Messenger_Lead_Generation-877x420.png 877w\" data-sizes=\"(max-width: 1142px) 100vw, 1142px\" src=\"data:image\/svg+xml;base64,PHN2ZyB3aWR0aD0iMSIgaGVpZ2h0PSIxIiB4bWxucz0iaHR0cDovL3d3dy53My5vcmcvMjAwMC9zdmciPjwvc3ZnPg==\" style=\"--smush-placeholder-width: 1142px; --smush-placeholder-aspect-ratio: 1142\/547;\" \/><\/p>\n<h2><em>Dlaczego warto zwr\u00f3ci\u0107 szczeg\u00f3ln\u0105 uwag\u0119 na nowe funkcje? Case study<\/em><\/h2>\n<p>Obie nowe funkcje oferuj\u0105 firmom mo\u017cliwo\u015b\u0107 zamkni\u0119cia luki komunikacyjnej ze swoimi potencjalnymi klientami, daj\u0105c im spersonalizowan\u0105 interakcj\u0119 za po\u015brednictwem komunikatora. Dla przyk\u0142adu znana wszystkim firma Sephora mia\u0142a wcze\u015bniejszy dost\u0119p do tej funkcji rezerwacji spotka\u0144 w programie Messenger i wsp\u00f3\u0142pracowa\u0142a z firm\u0105 Assist, aby zbudowa\u0107 swoje do\u015bwiadczenie w zakresie rezerwacji. Firma kosmetyczna odnotowa\u0142a 50-procentowy wzrost rezerwacji us\u0142ug w sklepie, dzi\u0119ki tej funkcjonalno\u015bci. To \u015bwietny spos\u00f3b na to, aby wi\u0119cej firm zacz\u0119\u0142o korzysta\u0107 z potencja\u0142u, kt\u00f3ry daj\u0105 nam boty, gdy\u017c funkcja <strong>Messensger <a href=\"https:\/\/wenet.pl\/blog\/generowanie-leadow-sprzedazowych-10-praktycznych-porad\/\">Lead<\/a> Generation<\/strong> opiera si\u0119 dok\u0142adnie na tym procesie obs\u0142ugi klienta.<\/p>\n<h2><strong>Nowo\u015bci na Instagramie \u2013 ulepszona kamera i nowe funkcje<\/strong><\/h2>\n<p>W tym samym czasie, kiedy zmiany Facebooka s\u0105 ukierunkowane na komunikacj\u0119 interpersonaln\u0105, zaktualizowany Instagram staje si\u0119 coraz bardziej platform\u0105 transakcyjn\u0105. Zostanie wprowadzony nowy, ulepszony i zintegrowany interfejs kamery na Instagramie, przeznaczonej dla \u201eStories\u201d i transmisji na \u017cywo. Cz\u0119\u015bci\u0105 aktualizacji jest nowy panel do tworzenia tre\u015bci kreatywnej, umo\u017cliwiaj\u0105cy proste tworzenie contentu, w tym r\u00f3\u017cnego rodzaju ankiety, quizy, w tym nawet bez u\u017cycia tradycyjnych zdj\u0119\u0107 czy film\u00f3w.<img decoding=\"async\" class=\"aligncenter wp-image-3617 colorbox-3606 lazyload\" data-src=\"https:\/\/wenet.pl\/blog\/wp-content\/uploads\/2019\/05\/instagram_tworzenie_kreatywnej_tre\u015bci_F8.png\" alt=\"instagram_tworzenie_kreatywnej_tre\u015bci_F8\" width=\"736\" height=\"477\" data-srcset=\"https:\/\/wenet.pl\/blog\/wp-content\/uploads\/2019\/05\/instagram_tworzenie_kreatywnej_tre\u015bci_F8.png 2514w, https:\/\/wenet.pl\/blog\/wp-content\/uploads\/2019\/05\/instagram_tworzenie_kreatywnej_tre\u015bci_F8-200x130.png 200w, https:\/\/wenet.pl\/blog\/wp-content\/uploads\/2019\/05\/instagram_tworzenie_kreatywnej_tre\u015bci_F8-462x300.png 462w, https:\/\/wenet.pl\/blog\/wp-content\/uploads\/2019\/05\/instagram_tworzenie_kreatywnej_tre\u015bci_F8-768x499.png 768w, https:\/\/wenet.pl\/blog\/wp-content\/uploads\/2019\/05\/instagram_tworzenie_kreatywnej_tre\u015bci_F8-1200x779.png 1200w, https:\/\/wenet.pl\/blog\/wp-content\/uploads\/2019\/05\/instagram_tworzenie_kreatywnej_tre\u015bci_F8-696x452.png 696w, https:\/\/wenet.pl\/blog\/wp-content\/uploads\/2019\/05\/instagram_tworzenie_kreatywnej_tre\u015bci_F8-1068x693.png 1068w, https:\/\/wenet.pl\/blog\/wp-content\/uploads\/2019\/05\/instagram_tworzenie_kreatywnej_tre\u015bci_F8-647x420.png 647w, https:\/\/wenet.pl\/blog\/wp-content\/uploads\/2019\/05\/instagram_tworzenie_kreatywnej_tre\u015bci_F8-1294x840.png 1294w, https:\/\/wenet.pl\/blog\/wp-content\/uploads\/2019\/05\/instagram_tworzenie_kreatywnej_tre\u015bci_F8-1920x1246.png 1920w\" data-sizes=\"(max-width: 736px) 100vw, 736px\" src=\"data:image\/svg+xml;base64,PHN2ZyB3aWR0aD0iMSIgaGVpZ2h0PSIxIiB4bWxucz0iaHR0cDovL3d3dy53My5vcmcvMjAwMC9zdmciPjwvc3ZnPg==\" style=\"--smush-placeholder-width: 736px; --smush-placeholder-aspect-ratio: 736\/477;\" \/><\/p>\n<p>Dodatkowo Instagram rozszerzy\u0142 funkcjonalno\u015b\u0107 w zakresie dokonywania wszelkiego rodzaju zakup\u00f3w <a href=\"https:\/\/wenet.pl\/blog\/jak-dziala-instagram-checkout-zakupy-platnosci-w-ramach-aplikacji\/\"><strong>Instagram Checkout<\/strong><\/a> za po\u015brednictwem aplikacji, otwieraj\u0105c j\u0105 dla kreatywnych os\u00f3b, sportowc\u00f3w i innych autor\u00f3w spoza zwyk\u0142ych sprzedawc\u00f3w. Blogerzy b\u0119d\u0105 mogli oznacza\u0107 ubrania, buty i akcesoria na swoich zdj\u0119ciach, a u\u017cytkownicy b\u0119d\u0105 mogli klika\u0107 te tagi i dokonywa\u0107 zakup\u00f3w. Pomoc w zarz\u0105dzaniu funkcj\u0105 Instagram Checkout dost\u0119pna pod linkiem: <a href=\"https:\/\/help.instagram.com\/357872324807367\">https:\/\/help.instagram.com\/357872324807367<\/a><\/p>\n<p><img decoding=\"async\" class=\"alignnone wp-image-3618 colorbox-3606 lazyload\" data-src=\"https:\/\/wenet.pl\/blog\/wp-content\/uploads\/2019\/05\/Instagram_Checkout.png\" alt=\"Instagram_Checkout\" width=\"333\" height=\"695\" data-srcset=\"https:\/\/wenet.pl\/blog\/wp-content\/uploads\/2019\/05\/Instagram_Checkout.png 770w, https:\/\/wenet.pl\/blog\/wp-content\/uploads\/2019\/05\/Instagram_Checkout-77x160.png 77w, https:\/\/wenet.pl\/blog\/wp-content\/uploads\/2019\/05\/Instagram_Checkout-144x300.png 144w, https:\/\/wenet.pl\/blog\/wp-content\/uploads\/2019\/05\/Instagram_Checkout-768x1603.png 768w, https:\/\/wenet.pl\/blog\/wp-content\/uploads\/2019\/05\/Instagram_Checkout-575x1200.png 575w, https:\/\/wenet.pl\/blog\/wp-content\/uploads\/2019\/05\/Instagram_Checkout-696x1453.png 696w, https:\/\/wenet.pl\/blog\/wp-content\/uploads\/2019\/05\/Instagram_Checkout-201x420.png 201w, https:\/\/wenet.pl\/blog\/wp-content\/uploads\/2019\/05\/Instagram_Checkout-402x840.png 402w\" data-sizes=\"(max-width: 333px) 100vw, 333px\" src=\"data:image\/svg+xml;base64,PHN2ZyB3aWR0aD0iMSIgaGVpZ2h0PSIxIiB4bWxucz0iaHR0cDovL3d3dy53My5vcmcvMjAwMC9zdmciPjwvc3ZnPg==\" style=\"--smush-placeholder-width: 333px; --smush-placeholder-aspect-ratio: 333\/695;\" \/><img decoding=\"async\" class=\"alignnone wp-image-3619 colorbox-3606 lazyload\" data-src=\"https:\/\/wenet.pl\/blog\/wp-content\/uploads\/2019\/05\/Instagram_Checkout_F8.png\" alt=\"Instagram_Checkout_F8\" width=\"333\" height=\"695\" data-srcset=\"https:\/\/wenet.pl\/blog\/wp-content\/uploads\/2019\/05\/Instagram_Checkout_F8.png 770w, https:\/\/wenet.pl\/blog\/wp-content\/uploads\/2019\/05\/Instagram_Checkout_F8-77x160.png 77w, https:\/\/wenet.pl\/blog\/wp-content\/uploads\/2019\/05\/Instagram_Checkout_F8-144x300.png 144w, https:\/\/wenet.pl\/blog\/wp-content\/uploads\/2019\/05\/Instagram_Checkout_F8-768x1603.png 768w, https:\/\/wenet.pl\/blog\/wp-content\/uploads\/2019\/05\/Instagram_Checkout_F8-575x1200.png 575w, https:\/\/wenet.pl\/blog\/wp-content\/uploads\/2019\/05\/Instagram_Checkout_F8-696x1453.png 696w, https:\/\/wenet.pl\/blog\/wp-content\/uploads\/2019\/05\/Instagram_Checkout_F8-201x420.png 201w, https:\/\/wenet.pl\/blog\/wp-content\/uploads\/2019\/05\/Instagram_Checkout_F8-402x840.png 402w\" data-sizes=\"(max-width: 333px) 100vw, 333px\" src=\"data:image\/svg+xml;base64,PHN2ZyB3aWR0aD0iMSIgaGVpZ2h0PSIxIiB4bWxucz0iaHR0cDovL3d3dy53My5vcmcvMjAwMC9zdmciPjwvc3ZnPg==\" style=\"--smush-placeholder-width: 333px; --smush-placeholder-aspect-ratio: 333\/695;\" \/><\/p>\n<p>Dodatkowo w sieci kr\u0105\u017cy informacja o tym, \u017ce Instagram rozwa\u017ca mo\u017cliwo\u015b\u0107 odmowy pokazywania liczby polubie\u0144, aby zmotywowa\u0107 u\u017cytkownik\u00f3w do zastanowienia si\u0119 nad tym, co publikuj\u0105, a nie do tego, ile polubie\u0144 zbierze konkretne zdj\u0119cie czy film. Przewiduje si\u0119, \u017ce takie podej\u015bcie pomo\u017ce podnie\u015b\u0107 jako\u015b\u0107 publikowanych tre\u015bci. W niedalekiej przysz\u0142o\u015bci nowy projekt bez licznika b\u0119dzie testowany w Kanadzie z dost\u0119pem dla ograniczonej liczby u\u017cytkownik\u00f3w. Je\u017celi oka\u017ce si\u0119, \u017ce nowy projekt zostanie uznany za udany, stanie si\u0119 on dost\u0119pny dla wszystkich u\u017cytkownik\u00f3w na ca\u0142ym \u015bwiece.<\/p>\n<p>Ponadto sta\u0142o si\u0119 mo\u017cliwe u\u017cywanie naklejek dla cel\u00f3w charytatywnych (na razie dost\u0119pne tylko na terytorium Stan\u00f3w Zjednoczonych). Procedura umieszczenia takiej naklejki jest banalnie prosta \u2013 przygotowujemy\/robimy odpowiednie zdj\u0119cie, wybieramy i dodajemy spo\u015br\u00f3d dost\u0119pnych naklejek potrzebn\u0105 \u2013 w naszym przypadku \u201eDonation\u201d \u2013 oraz personalizujemy jej tre\u015b\u0107. Wszystkie zebrane pieni\u0105dze s\u0105 automatycznie przekazywane na konto danej organizacji.<img decoding=\"async\" class=\"aligncenter wp-image-3620 colorbox-3606 lazyload\" data-src=\"https:\/\/wenet.pl\/blog\/wp-content\/uploads\/2019\/05\/Instagram_Donation.png\" alt=\"Instagram_Donation_F8\" width=\"714\" height=\"312\" data-srcset=\"https:\/\/wenet.pl\/blog\/wp-content\/uploads\/2019\/05\/Instagram_Donation.png 770w, https:\/\/wenet.pl\/blog\/wp-content\/uploads\/2019\/05\/Instagram_Donation-200x88.png 200w, https:\/\/wenet.pl\/blog\/wp-content\/uploads\/2019\/05\/Instagram_Donation-685x300.png 685w, https:\/\/wenet.pl\/blog\/wp-content\/uploads\/2019\/05\/Instagram_Donation-768x336.png 768w, https:\/\/wenet.pl\/blog\/wp-content\/uploads\/2019\/05\/Instagram_Donation-696x305.png 696w\" data-sizes=\"(max-width: 714px) 100vw, 714px\" src=\"data:image\/svg+xml;base64,PHN2ZyB3aWR0aD0iMSIgaGVpZ2h0PSIxIiB4bWxucz0iaHR0cDovL3d3dy53My5vcmcvMjAwMC9zdmciPjwvc3ZnPg==\" style=\"--smush-placeholder-width: 714px; --smush-placeholder-aspect-ratio: 714\/312;\" \/><\/p>\n<p>To nie jest pe\u0142na lista wszystkich zmian, kt\u00f3re b\u0119dziemy obserwowa\u0107 w najbli\u017cszej przysz\u0142o\u015bci na platformach Marka Zuckerberga. Ale na t\u0119 chwil\u0119 s\u0105 to najwa\u017cniejsze aktualizacje, kt\u00f3rym powinni ju\u017c teraz przejrze\u0107 si\u0119 wszyscy, posiadaj\u0105cy konto prywatne czy firmowe we wspomnianych sieciach spo\u0142eczno\u015bciowych.<\/p>\n<p>Mamy nadziej\u0119, \u017ce ju\u017c w niedalekiej przysz\u0142o\u015bci wszyscy u\u017cytkownicy Facebooka, Messengera i Instagrama na terenie Polski r\u00f3wnie\u017c dostan\u0105 dost\u0119p do wspomnianych wy\u017cej funkcji i aktualizacji, kt\u00f3re otworz\u0105 przedsi\u0119biorcom nowe mo\u017cliwo\u015bci w pozyskiwaniu klient\u00f3w dla swojej firmy w mediach spo\u0142eczno\u015bciowych.<\/p>\n<p>Podsumowuj\u0105c, jedyn\u0105 pewn\u0105 rzecz\u0105, kt\u00f3ra w naszym \u201ecyfrowym \u015bwiecie\u201d pozostaje bez zmian \u2013 to ci\u0105g\u0142e zmiany. I to jest fajne! Zmiany nie pozwalaj\u0105 m\u00f3zgowi \u201ezasn\u0105\u0107\u201d i zmuszaj\u0105 nas do ci\u0105g\u0142ego poszukiwania nowych rozwi\u0105za\u0144 i wymy\u015blania nowych kreacji.\u00a0?<\/p>\n<p>Pe\u0142ne wideo z konferencji F8 dost\u0119pne jest do obejrzenia poni\u017cej:<\/p>\n<p><script async=\"1\" defer=\"1\" crossorigin=\"anonymous\" src=\"https:\/\/connect.facebook.net\/uk_PL\/sdk.js#xfbml=1&amp;version=v3.3\"><\/script><\/p><div class=\"vnuwp69f2c6f960abe\" ><!-- Komunikacja z klientem -->\n<!--HubSpot Call-to-Action Code --><span class=\"hs-cta-wrapper\" id=\"hs-cta-wrapper-8265bd58-ea47-4c6a-9f25-dd290dd6f8c8\"><span class=\"hs-cta-node hs-cta-8265bd58-ea47-4c6a-9f25-dd290dd6f8c8\" id=\"hs-cta-8265bd58-ea47-4c6a-9f25-dd290dd6f8c8\"><!--[if lte IE 8]><div id=\"hs-cta-ie-element\"><\/div><![endif]--><a href=\"https:\/\/hubspot-cta-redirect-eu1-prod.s3.amazonaws.com\/cta\/redirect\/25646044\/8265bd58-ea47-4c6a-9f25-dd290dd6f8c8\" target=\"_blank\" rel=\"noopener\"><img class=\"hs-cta-img colorbox-3606 lazyload\" id=\"hs-cta-img-8265bd58-ea47-4c6a-9f25-dd290dd6f8c8\" style=\"border-width:0px;\" data-src=\"https:\/\/hubspot-no-cache-eu1-prod.s3.amazonaws.com\/cta\/default\/25646044\/8265bd58-ea47-4c6a-9f25-dd290dd6f8c8.png\"  alt=\"Nowe wezwanie do dzia\u0142ania\" src=\"data:image\/svg+xml;base64,PHN2ZyB3aWR0aD0iMSIgaGVpZ2h0PSIxIiB4bWxucz0iaHR0cDovL3d3dy53My5vcmcvMjAwMC9zdmciPjwvc3ZnPg==\" \/><\/a><\/span><script charset=\"utf-8\" src=\"https:\/\/js-eu1.hscta.net\/cta\/current.js\"><\/script><script type=\"text\/javascript\"> hbspt.cta.load(25646044, '8265bd58-ea47-4c6a-9f25-dd290dd6f8c8', {\"useNewLoader\":\"true\",\"region\":\"eu1\"}); <\/script><\/span><!-- end HubSpot Call-to-Action Code -->\n<\/div><style type=\"text\/css\">\r\n@media screen and (min-width: 1201px) {\r\n.vnuwp69f2c6f960abe {\r\ndisplay: block;\r\n}\r\n}\r\n@media screen and (min-width: 993px) and (max-width: 1200px) {\r\n.vnuwp69f2c6f960abe {\r\ndisplay: block;\r\n}\r\n}\r\n@media screen and (min-width: 769px) and (max-width: 992px) {\r\n.vnuwp69f2c6f960abe {\r\ndisplay: block;\r\n}\r\n}\r\n@media screen and (min-width: 768px) and (max-width: 768px) {\r\n.vnuwp69f2c6f960abe {\r\ndisplay: block;\r\n}\r\n}\r\n@media screen and (max-width: 767px) {\r\n.vnuwp69f2c6f960abe {\r\ndisplay: block;\r\n}\r\n}\r\n<\/style>\r\n<div class=\"kqwsn69f2c6f9603cc\" ><!-- Email Marketing -->\n<!--HubSpot Call-to-Action Code --><span class=\"hs-cta-wrapper\" id=\"hs-cta-wrapper-08eb5d7e-b5b4-457b-9ce5-ceff89d6b956\"><span class=\"hs-cta-node hs-cta-08eb5d7e-b5b4-457b-9ce5-ceff89d6b956\" id=\"hs-cta-08eb5d7e-b5b4-457b-9ce5-ceff89d6b956\"><!--[if lte IE 8]><div id=\"hs-cta-ie-element\"><\/div><![endif]--><a href=\"https:\/\/hubspot-cta-redirect-eu1-prod.s3.amazonaws.com\/cta\/redirect\/25646044\/08eb5d7e-b5b4-457b-9ce5-ceff89d6b956\" target=\"_blank\" rel=\"noopener\"><img class=\"hs-cta-img colorbox-3606 lazyload\" id=\"hs-cta-img-08eb5d7e-b5b4-457b-9ce5-ceff89d6b956\" style=\"border-width:0px;\" data-src=\"https:\/\/hubspot-no-cache-eu1-prod.s3.amazonaws.com\/cta\/default\/25646044\/08eb5d7e-b5b4-457b-9ce5-ceff89d6b956.png\"  alt=\"Nowe wezwanie do dzia\u0142ania\" src=\"data:image\/svg+xml;base64,PHN2ZyB3aWR0aD0iMSIgaGVpZ2h0PSIxIiB4bWxucz0iaHR0cDovL3d3dy53My5vcmcvMjAwMC9zdmciPjwvc3ZnPg==\" \/><\/a><\/span><script charset=\"utf-8\" src=\"https:\/\/js-eu1.hscta.net\/cta\/current.js\"><\/script><script type=\"text\/javascript\"> hbspt.cta.load(25646044, '08eb5d7e-b5b4-457b-9ce5-ceff89d6b956', {\"useNewLoader\":\"true\",\"region\":\"eu1\"}); <\/script><\/span><!-- end HubSpot Call-to-Action Code -->\n<\/div><style type=\"text\/css\">\r\n@media screen and (min-width: 1201px) {\r\n.kqwsn69f2c6f9603cc {\r\ndisplay: block;\r\n}\r\n}\r\n@media screen and (min-width: 993px) and (max-width: 1200px) {\r\n.kqwsn69f2c6f9603cc {\r\ndisplay: block;\r\n}\r\n}\r\n@media screen and (min-width: 769px) and (max-width: 992px) {\r\n.kqwsn69f2c6f9603cc {\r\ndisplay: block;\r\n}\r\n}\r\n@media screen and (min-width: 768px) and (max-width: 768px) {\r\n.kqwsn69f2c6f9603cc {\r\ndisplay: block;\r\n}\r\n}\r\n@media screen and (max-width: 767px) {\r\n.kqwsn69f2c6f9603cc {\r\ndisplay: block;\r\n}\r\n}\r\n<\/style>\r\n<div class=\"hlxxu69f2c6f960334\" ><!-- Zarz\u0105dzanie firm\u0105 -->\n\n<!--HubSpot Call-to-Action Code --><span class=\"hs-cta-wrapper\" id=\"hs-cta-wrapper-64d5a1d6-a25c-4d42-9cf0-0a4f91b5642d\"><span class=\"hs-cta-node hs-cta-64d5a1d6-a25c-4d42-9cf0-0a4f91b5642d\" id=\"hs-cta-64d5a1d6-a25c-4d42-9cf0-0a4f91b5642d\"><!--[if lte IE 8]><div id=\"hs-cta-ie-element\"><\/div><![endif]--><a href=\"https:\/\/hubspot-cta-redirect-eu1-prod.s3.amazonaws.com\/cta\/redirect\/25646044\/64d5a1d6-a25c-4d42-9cf0-0a4f91b5642d\" target=\"_blank\" rel=\"noopener\"><img class=\"hs-cta-img colorbox-3606 lazyload\" id=\"hs-cta-img-64d5a1d6-a25c-4d42-9cf0-0a4f91b5642d\" style=\"border-width:0px;\" data-src=\"https:\/\/hubspot-no-cache-eu1-prod.s3.amazonaws.com\/cta\/default\/25646044\/64d5a1d6-a25c-4d42-9cf0-0a4f91b5642d.png\"  alt=\"e-book Dlaczego Twoja firma powinna by\u0107 obecna w Internecie\" src=\"data:image\/svg+xml;base64,PHN2ZyB3aWR0aD0iMSIgaGVpZ2h0PSIxIiB4bWxucz0iaHR0cDovL3d3dy53My5vcmcvMjAwMC9zdmciPjwvc3ZnPg==\" \/><\/a><\/span><script charset=\"utf-8\" src=\"https:\/\/js-eu1.hscta.net\/cta\/current.js\"><\/script><script type=\"text\/javascript\"> hbspt.cta.load(25646044, '64d5a1d6-a25c-4d42-9cf0-0a4f91b5642d', {\"useNewLoader\":\"true\",\"region\":\"eu1\"}); <\/script><\/span><!-- end HubSpot Call-to-Action Code -->\n<\/div><style type=\"text\/css\">\r\n@media screen and (min-width: 1201px) {\r\n.hlxxu69f2c6f960334 {\r\ndisplay: block;\r\n}\r\n}\r\n@media screen and (min-width: 993px) and (max-width: 1200px) {\r\n.hlxxu69f2c6f960334 {\r\ndisplay: block;\r\n}\r\n}\r\n@media screen and (min-width: 769px) and (max-width: 992px) {\r\n.hlxxu69f2c6f960334 {\r\ndisplay: block;\r\n}\r\n}\r\n@media screen and (min-width: 768px) and (max-width: 768px) {\r\n.hlxxu69f2c6f960334 {\r\ndisplay: block;\r\n}\r\n}\r\n@media screen and (max-width: 767px) {\r\n.hlxxu69f2c6f960334 {\r\ndisplay: block;\r\n}\r\n}\r\n<\/style>\r\n<div class=\"tyhwi69f2c6f9602ad\" ><!-- Video -->\n\n<!--HubSpot Call-to-Action Code --><span class=\"hs-cta-wrapper\" id=\"hs-cta-wrapper-d5317067-b35b-4752-8a1e-3ef0d70566f6\"><span class=\"hs-cta-node hs-cta-d5317067-b35b-4752-8a1e-3ef0d70566f6\" id=\"hs-cta-d5317067-b35b-4752-8a1e-3ef0d70566f6\"><!--[if lte IE 8]><div id=\"hs-cta-ie-element\"><\/div><![endif]--><a href=\"https:\/\/hubspot-cta-redirect-eu1-prod.s3.amazonaws.com\/cta\/redirect\/25646044\/d5317067-b35b-4752-8a1e-3ef0d70566f6\" target=\"_blank\" rel=\"noopener\"><img class=\"hs-cta-img colorbox-3606 lazyload\" id=\"hs-cta-img-d5317067-b35b-4752-8a1e-3ef0d70566f6\" style=\"border-width:0px;\" data-src=\"https:\/\/hubspot-no-cache-eu1-prod.s3.amazonaws.com\/cta\/default\/25646044\/d5317067-b35b-4752-8a1e-3ef0d70566f6.png\"  alt=\"e-book 18 wskaz\u00f3wek, kt\u00f3re rozwin\u0105 Tw\u00f3j kana\u0142 na YouTube\" src=\"data:image\/svg+xml;base64,PHN2ZyB3aWR0aD0iMSIgaGVpZ2h0PSIxIiB4bWxucz0iaHR0cDovL3d3dy53My5vcmcvMjAwMC9zdmciPjwvc3ZnPg==\" \/><\/a><\/span><script charset=\"utf-8\" src=\"https:\/\/js-eu1.hscta.net\/cta\/current.js\"><\/script><script type=\"text\/javascript\"> hbspt.cta.load(25646044, 'd5317067-b35b-4752-8a1e-3ef0d70566f6', {\"useNewLoader\":\"true\",\"region\":\"eu1\"}); <\/script><\/span><!-- end HubSpot Call-to-Action Code -->\n<\/div><style type=\"text\/css\">\r\n@media screen and (min-width: 1201px) {\r\n.tyhwi69f2c6f9602ad {\r\ndisplay: block;\r\n}\r\n}\r\n@media screen and (min-width: 993px) and (max-width: 1200px) {\r\n.tyhwi69f2c6f9602ad {\r\ndisplay: block;\r\n}\r\n}\r\n@media screen and (min-width: 769px) and (max-width: 992px) {\r\n.tyhwi69f2c6f9602ad {\r\ndisplay: block;\r\n}\r\n}\r\n@media screen and (min-width: 768px) and (max-width: 768px) {\r\n.tyhwi69f2c6f9602ad {\r\ndisplay: block;\r\n}\r\n}\r\n@media screen and (max-width: 767px) {\r\n.tyhwi69f2c6f9602ad {\r\ndisplay: block;\r\n}\r\n}\r\n<\/style>\r\n<div class=\"aoupn69f2c6f960225\" ><!-- Tworzenie stron -->\n<!--HubSpot Call-to-Action Code --><span class=\"hs-cta-wrapper\" id=\"hs-cta-wrapper-ef1529b5-b78c-4b0b-bf0b-4ecc75e0bafc\"><span class=\"hs-cta-node hs-cta-ef1529b5-b78c-4b0b-bf0b-4ecc75e0bafc\" id=\"hs-cta-ef1529b5-b78c-4b0b-bf0b-4ecc75e0bafc\"><!--[if lte IE 8]><div id=\"hs-cta-ie-element\"><\/div><![endif]--><a href=\"https:\/\/hubspot-cta-redirect-eu1-prod.s3.amazonaws.com\/cta\/redirect\/25646044\/ef1529b5-b78c-4b0b-bf0b-4ecc75e0bafc\" target=\"_blank\" rel=\"noopener\"><img class=\"hs-cta-img colorbox-3606 lazyload\" id=\"hs-cta-img-ef1529b5-b78c-4b0b-bf0b-4ecc75e0bafc\" style=\"border-width:0px;\" data-src=\"https:\/\/hubspot-no-cache-eu1-prod.s3.amazonaws.com\/cta\/default\/25646044\/ef1529b5-b78c-4b0b-bf0b-4ecc75e0bafc.png\"  alt=\"Nowe wezwanie do dzia\u0142ania\" src=\"data:image\/svg+xml;base64,PHN2ZyB3aWR0aD0iMSIgaGVpZ2h0PSIxIiB4bWxucz0iaHR0cDovL3d3dy53My5vcmcvMjAwMC9zdmciPjwvc3ZnPg==\" \/><\/a><\/span><script charset=\"utf-8\" src=\"https:\/\/js-eu1.hscta.net\/cta\/current.js\"><\/script><script type=\"text\/javascript\"> hbspt.cta.load(25646044, 'ef1529b5-b78c-4b0b-bf0b-4ecc75e0bafc', {\"useNewLoader\":\"true\",\"region\":\"eu1\"}); <\/script><\/span><!-- end HubSpot Call-to-Action Code -->\n<\/div><style type=\"text\/css\">\r\n@media screen and (min-width: 1201px) {\r\n.aoupn69f2c6f960225 {\r\ndisplay: block;\r\n}\r\n}\r\n@media screen and (min-width: 993px) and (max-width: 1200px) {\r\n.aoupn69f2c6f960225 {\r\ndisplay: block;\r\n}\r\n}\r\n@media screen and (min-width: 769px) and (max-width: 992px) {\r\n.aoupn69f2c6f960225 {\r\ndisplay: block;\r\n}\r\n}\r\n@media screen and (min-width: 768px) and (max-width: 768px) {\r\n.aoupn69f2c6f960225 {\r\ndisplay: block;\r\n}\r\n}\r\n@media screen and (max-width: 767px) {\r\n.aoupn69f2c6f960225 {\r\ndisplay: block;\r\n}\r\n}\r\n<\/style>\r\n<div class=\"klwrj69f2c6f960194\" ><!-- Strategia marketingowa -->\n<!--HubSpot Call-to-Action Code --><span class=\"hs-cta-wrapper\" id=\"hs-cta-wrapper-9d4aa58d-1ab7-4301-b000-ac3d639abc98\"><span class=\"hs-cta-node hs-cta-9d4aa58d-1ab7-4301-b000-ac3d639abc98\" id=\"hs-cta-9d4aa58d-1ab7-4301-b000-ac3d639abc98\"><!--[if lte IE 8]><div id=\"hs-cta-ie-element\"><\/div><![endif]--><a href=\"https:\/\/hubspot-cta-redirect-eu1-prod.s3.amazonaws.com\/cta\/redirect\/25646044\/9d4aa58d-1ab7-4301-b000-ac3d639abc98\" target=\"_blank\" rel=\"noopener\"><img class=\"hs-cta-img colorbox-3606 lazyload\" id=\"hs-cta-img-9d4aa58d-1ab7-4301-b000-ac3d639abc98\" style=\"border-width:0px;\" data-src=\"https:\/\/hubspot-no-cache-eu1-prod.s3.amazonaws.com\/cta\/default\/25646044\/9d4aa58d-1ab7-4301-b000-ac3d639abc98.png\"  alt=\"Nowe wezwanie do dzia\u0142ania\" src=\"data:image\/svg+xml;base64,PHN2ZyB3aWR0aD0iMSIgaGVpZ2h0PSIxIiB4bWxucz0iaHR0cDovL3d3dy53My5vcmcvMjAwMC9zdmciPjwvc3ZnPg==\" \/><\/a><\/span><script charset=\"utf-8\" src=\"https:\/\/js-eu1.hscta.net\/cta\/current.js\"><\/script><script type=\"text\/javascript\"> hbspt.cta.load(25646044, '9d4aa58d-1ab7-4301-b000-ac3d639abc98', {\"useNewLoader\":\"true\",\"region\":\"eu1\"}); <\/script><\/span><!-- end HubSpot Call-to-Action Code -->\n<\/div><style type=\"text\/css\">\r\n@media screen and (min-width: 1201px) {\r\n.klwrj69f2c6f960194 {\r\ndisplay: block;\r\n}\r\n}\r\n@media screen and (min-width: 993px) and (max-width: 1200px) {\r\n.klwrj69f2c6f960194 {\r\ndisplay: block;\r\n}\r\n}\r\n@media screen and (min-width: 769px) and (max-width: 992px) {\r\n.klwrj69f2c6f960194 {\r\ndisplay: block;\r\n}\r\n}\r\n@media screen and (min-width: 768px) and (max-width: 768px) {\r\n.klwrj69f2c6f960194 {\r\ndisplay: block;\r\n}\r\n}\r\n@media screen and (max-width: 767px) {\r\n.klwrj69f2c6f960194 {\r\ndisplay: block;\r\n}\r\n}\r\n<\/style>\r\n<div class=\"bipqt69f2c6f96010e\" ><!-- Social Media -->\n<!--HubSpot Call-to-Action Code --><span class=\"hs-cta-wrapper\" id=\"hs-cta-wrapper-387c3571-1376-4b17-bb02-3ee7c0d54013\"><span class=\"hs-cta-node hs-cta-387c3571-1376-4b17-bb02-3ee7c0d54013\" id=\"hs-cta-387c3571-1376-4b17-bb02-3ee7c0d54013\"><!--[if lte IE 8]><div id=\"hs-cta-ie-element\"><\/div><![endif]--><a href=\"https:\/\/hubspot-cta-redirect-eu1-prod.s3.amazonaws.com\/cta\/redirect\/25646044\/387c3571-1376-4b17-bb02-3ee7c0d54013\" target=\"_blank\" rel=\"noopener\"><img class=\"hs-cta-img colorbox-3606 lazyload\" id=\"hs-cta-img-387c3571-1376-4b17-bb02-3ee7c0d54013\" style=\"border-width:0px;\" data-src=\"https:\/\/hubspot-no-cache-eu1-prod.s3.amazonaws.com\/cta\/default\/25646044\/387c3571-1376-4b17-bb02-3ee7c0d54013.png\"  alt=\"Nowe wezwanie do dzia\u0142ania\" src=\"data:image\/svg+xml;base64,PHN2ZyB3aWR0aD0iMSIgaGVpZ2h0PSIxIiB4bWxucz0iaHR0cDovL3d3dy53My5vcmcvMjAwMC9zdmciPjwvc3ZnPg==\" \/><\/a><\/span><script charset=\"utf-8\" src=\"https:\/\/js-eu1.hscta.net\/cta\/current.js\"><\/script><script type=\"text\/javascript\"> hbspt.cta.load(25646044, '387c3571-1376-4b17-bb02-3ee7c0d54013', {\"useNewLoader\":\"true\",\"region\":\"eu1\"}); <\/script><\/span><!-- end HubSpot Call-to-Action Code -->\n<\/div><style type=\"text\/css\">\r\n@media screen and (min-width: 1201px) {\r\n.bipqt69f2c6f96010e {\r\ndisplay: block;\r\n}\r\n}\r\n@media screen and (min-width: 993px) and (max-width: 1200px) {\r\n.bipqt69f2c6f96010e {\r\ndisplay: block;\r\n}\r\n}\r\n@media screen and (min-width: 769px) and (max-width: 992px) {\r\n.bipqt69f2c6f96010e {\r\ndisplay: block;\r\n}\r\n}\r\n@media screen and (min-width: 768px) and (max-width: 768px) {\r\n.bipqt69f2c6f96010e {\r\ndisplay: block;\r\n}\r\n}\r\n@media screen and (max-width: 767px) {\r\n.bipqt69f2c6f96010e {\r\ndisplay: block;\r\n}\r\n}\r\n<\/style>\r\n<div class=\"kszhg69f2c6f960084\" ><!-- Copywriting -->\n<!--HubSpot Call-to-Action Code --><span class=\"hs-cta-wrapper\" id=\"hs-cta-wrapper-0d4fb5f3-b88d-4456-a7be-207e7a27d1d8\"><span class=\"hs-cta-node hs-cta-0d4fb5f3-b88d-4456-a7be-207e7a27d1d8\" id=\"hs-cta-0d4fb5f3-b88d-4456-a7be-207e7a27d1d8\"><!--[if lte IE 8]><div id=\"hs-cta-ie-element\"><\/div><![endif]--><a href=\"https:\/\/hubspot-cta-redirect-eu1-prod.s3.amazonaws.com\/cta\/redirect\/25646044\/0d4fb5f3-b88d-4456-a7be-207e7a27d1d8\" target=\"_blank\" rel=\"noopener, nofollow\"><img class=\"hs-cta-img colorbox-3606 lazyload\" id=\"hs-cta-img-0d4fb5f3-b88d-4456-a7be-207e7a27d1d8\" style=\"border-width:0px;\" data-src=\"https:\/\/hubspot-no-cache-eu1-prod.s3.amazonaws.com\/cta\/default\/25646044\/0d4fb5f3-b88d-4456-a7be-207e7a27d1d8.png\"  alt=\"e-book Jak tworzy\u0107 tre\u015bci, kt\u00f3re przyci\u0105gn\u0105 Twoich klient\u00f3w\" src=\"data:image\/svg+xml;base64,PHN2ZyB3aWR0aD0iMSIgaGVpZ2h0PSIxIiB4bWxucz0iaHR0cDovL3d3dy53My5vcmcvMjAwMC9zdmciPjwvc3ZnPg==\" \/><\/a><\/span><script charset=\"utf-8\" src=\"https:\/\/js-eu1.hscta.net\/cta\/current.js\"><\/script><script type=\"text\/javascript\"> hbspt.cta.load(25646044, '0d4fb5f3-b88d-4456-a7be-207e7a27d1d8', {\"useNewLoader\":\"true\",\"region\":\"eu1\"}); <\/script><\/span><!-- end HubSpot Call-to-Action Code -->\n<\/div><style type=\"text\/css\">\r\n@media screen and (min-width: 1201px) {\r\n.kszhg69f2c6f960084 {\r\ndisplay: block;\r\n}\r\n}\r\n@media screen and (min-width: 993px) and (max-width: 1200px) {\r\n.kszhg69f2c6f960084 {\r\ndisplay: block;\r\n}\r\n}\r\n@media screen and (min-width: 769px) and (max-width: 992px) {\r\n.kszhg69f2c6f960084 {\r\ndisplay: block;\r\n}\r\n}\r\n@media screen and (min-width: 768px) and (max-width: 768px) {\r\n.kszhg69f2c6f960084 {\r\ndisplay: block;\r\n}\r\n}\r\n@media screen and (max-width: 767px) {\r\n.kszhg69f2c6f960084 {\r\ndisplay: block;\r\n}\r\n}\r\n<\/style>\r\n<div class=\"ujuiq69f2c6f95fff6\" ><!-- SEO1 -->\n<!--HubSpot Call-to-Action Code --><span class=\"hs-cta-wrapper\" id=\"hs-cta-wrapper-2e440e3a-91d6-4b6d-8268-289ea3a8329b\"><span class=\"hs-cta-node hs-cta-2e440e3a-91d6-4b6d-8268-289ea3a8329b\" id=\"hs-cta-2e440e3a-91d6-4b6d-8268-289ea3a8329b\"><!--[if lte IE 8]><div id=\"hs-cta-ie-element\"><\/div><![endif]--><a href=\"https:\/\/hubspot-cta-redirect-eu1-prod.s3.amazonaws.com\/cta\/redirect\/25646044\/2e440e3a-91d6-4b6d-8268-289ea3a8329b\" target=\"_blank\" rel=\"noopener\"><img class=\"hs-cta-img colorbox-3606 lazyload\" id=\"hs-cta-img-2e440e3a-91d6-4b6d-8268-289ea3a8329b\" style=\"border-width:0px;\" data-src=\"https:\/\/hubspot-no-cache-eu1-prod.s3.amazonaws.com\/cta\/default\/25646044\/2e440e3a-91d6-4b6d-8268-289ea3a8329b.png\"  alt=\"e-book SEO lokalne od A do Z\" src=\"data:image\/svg+xml;base64,PHN2ZyB3aWR0aD0iMSIgaGVpZ2h0PSIxIiB4bWxucz0iaHR0cDovL3d3dy53My5vcmcvMjAwMC9zdmciPjwvc3ZnPg==\" \/><\/a><\/span><script charset=\"utf-8\" src=\"https:\/\/js-eu1.hscta.net\/cta\/current.js\"><\/script><script type=\"text\/javascript\"> hbspt.cta.load(25646044, '2e440e3a-91d6-4b6d-8268-289ea3a8329b', {\"useNewLoader\":\"true\",\"region\":\"eu1\"}); <\/script><\/span><!-- end HubSpot Call-to-Action Code -->\n<\/div><style type=\"text\/css\">\r\n@media screen and (min-width: 1201px) {\r\n.ujuiq69f2c6f95fff6 {\r\ndisplay: block;\r\n}\r\n}\r\n@media screen and (min-width: 993px) and (max-width: 1200px) {\r\n.ujuiq69f2c6f95fff6 {\r\ndisplay: block;\r\n}\r\n}\r\n@media screen and (min-width: 769px) and (max-width: 992px) {\r\n.ujuiq69f2c6f95fff6 {\r\ndisplay: block;\r\n}\r\n}\r\n@media screen and (min-width: 768px) and (max-width: 768px) {\r\n.ujuiq69f2c6f95fff6 {\r\ndisplay: block;\r\n}\r\n}\r\n@media screen and (max-width: 767px) {\r\n.ujuiq69f2c6f95fff6 {\r\ndisplay: block;\r\n}\r\n}\r\n<\/style>\r\n<div class=\"zikww69f2c6f95ff53\" ><!-- SEM -->\n<!--HubSpot Call-to-Action Code --><span class=\"hs-cta-wrapper\" id=\"hs-cta-wrapper-f76cfdbf-3591-4dda-828b-092125eedb42\"><span class=\"hs-cta-node hs-cta-f76cfdbf-3591-4dda-828b-092125eedb42\" id=\"hs-cta-f76cfdbf-3591-4dda-828b-092125eedb42\"><!--[if lte IE 8]><div id=\"hs-cta-ie-element\"><\/div><![endif]--><a href=\"https:\/\/hubspot-cta-redirect-eu1-prod.s3.amazonaws.com\/cta\/redirect\/25646044\/f76cfdbf-3591-4dda-828b-092125eedb42\" target=\"_blank\" rel=\"noopener\"><img class=\"hs-cta-img colorbox-3606 lazyload\" id=\"hs-cta-img-f76cfdbf-3591-4dda-828b-092125eedb42\" style=\"border-width:0px;\" data-src=\"https:\/\/hubspot-no-cache-eu1-prod.s3.amazonaws.com\/cta\/default\/25646044\/f76cfdbf-3591-4dda-828b-092125eedb42.png\"  alt=\"e-book Jak promowa\u0107 firm\u0119 na lokalnym rynku\" src=\"data:image\/svg+xml;base64,PHN2ZyB3aWR0aD0iMSIgaGVpZ2h0PSIxIiB4bWxucz0iaHR0cDovL3d3dy53My5vcmcvMjAwMC9zdmciPjwvc3ZnPg==\" \/><\/a><\/span><script charset=\"utf-8\" src=\"https:\/\/js-eu1.hscta.net\/cta\/current.js\"><\/script><script type=\"text\/javascript\"> hbspt.cta.load(25646044, 'f76cfdbf-3591-4dda-828b-092125eedb42', {\"useNewLoader\":\"true\",\"region\":\"eu1\"}); <\/script><\/span><!-- end HubSpot Call-to-Action Code -->\n<\/div><style type=\"text\/css\">\r\n@media screen and (min-width: 1201px) {\r\n.zikww69f2c6f95ff53 {\r\ndisplay: block;\r\n}\r\n}\r\n@media screen and (min-width: 993px) and (max-width: 1200px) {\r\n.zikww69f2c6f95ff53 {\r\ndisplay: block;\r\n}\r\n}\r\n@media screen and (min-width: 769px) and (max-width: 992px) {\r\n.zikww69f2c6f95ff53 {\r\ndisplay: block;\r\n}\r\n}\r\n@media screen and (min-width: 768px) and (max-width: 768px) {\r\n.zikww69f2c6f95ff53 {\r\ndisplay: block;\r\n}\r\n}\r\n@media screen and (max-width: 767px) {\r\n.zikww69f2c6f95ff53 {\r\ndisplay: block;\r\n}\r\n}\r\n<\/style>\r\n<div class=\"xwdub69f2c6f95fea5\" ><div style=\"margin: 20px 0px;\">\n                <!--HubSpot Call-to-Action Code --><span class=\"hs-cta-wrapper\" id=\"hs-cta-wrapper-d24c93bc-7b60-4339-bff4-106b7c262800\"><span class=\"hs-cta-node hs-cta-d24c93bc-7b60-4339-bff4-106b7c262800\" id=\"hs-cta-d24c93bc-7b60-4339-bff4-106b7c262800\"><!--[if lte IE 8]><div id=\"hs-cta-ie-element\"><\/div><![endif]--><a href=\"https:\/\/hubspot-cta-redirect-eu1-prod.s3.amazonaws.com\/cta\/redirect\/25646044\/d24c93bc-7b60-4339-bff4-106b7c262800\" target=\"_blank\" rel=\"noopener\"><img class=\"hs-cta-img colorbox-3606 lazyload\" id=\"hs-cta-img-d24c93bc-7b60-4339-bff4-106b7c262800\" style=\"border-width:0px;\" data-src=\"https:\/\/hubspot-no-cache-eu1-prod.s3.amazonaws.com\/cta\/default\/25646044\/d24c93bc-7b60-4339-bff4-106b7c262800.png\"  alt=\"jak za\u0142o\u017cy\u0107 sklep internetowy - pobierz e-booka \" src=\"data:image\/svg+xml;base64,PHN2ZyB3aWR0aD0iMSIgaGVpZ2h0PSIxIiB4bWxucz0iaHR0cDovL3d3dy53My5vcmcvMjAwMC9zdmciPjwvc3ZnPg==\" \/><\/a><\/span><script charset=\"utf-8\" src=\"https:\/\/js-eu1.hscta.net\/cta\/current.js\"><\/script><script type=\"text\/javascript\"> hbspt.cta.load(25646044, 'd24c93bc-7b60-4339-bff4-106b7c262800', {\"useNewLoader\":\"true\",\"region\":\"eu1\"}); <\/script><\/span><!-- end HubSpot Call-to-Action Code -->\n            <\/div><\/div><style type=\"text\/css\">\r\n@media screen and (min-width: 1201px) {\r\n.xwdub69f2c6f95fea5 {\r\ndisplay: block;\r\n}\r\n}\r\n@media screen and (min-width: 993px) and (max-width: 1200px) {\r\n.xwdub69f2c6f95fea5 {\r\ndisplay: block;\r\n}\r\n}\r\n@media screen and (min-width: 769px) and (max-width: 992px) {\r\n.xwdub69f2c6f95fea5 {\r\ndisplay: block;\r\n}\r\n}\r\n@media screen and (min-width: 768px) and (max-width: 768px) {\r\n.xwdub69f2c6f95fea5 {\r\ndisplay: block;\r\n}\r\n}\r\n@media screen and (max-width: 767px) {\r\n.xwdub69f2c6f95fea5 {\r\ndisplay: block;\r\n}\r\n}\r\n<\/style>\r\n\n<div class=\"fb-video\" data-href=\"https:\/\/www.facebook.com\/FacebookforDevelopers\/videos\/422572928569998\/\" data-width=\"770\">\n<blockquote class=\"fb-xfbml-parse-ignore\" cite=\"https:\/\/www.facebook.com\/FacebookforDevelopers\/videos\/422572928569998\/\"><\/blockquote>\n<\/div>\n\n\n<div class=\"kk-star-ratings kksr-auto kksr-align-left kksr-valign-bottom\"\n    data-payload='{&quot;align&quot;:&quot;left&quot;,&quot;id&quot;:&quot;3606&quot;,&quot;slug&quot;:&quot;default&quot;,&quot;valign&quot;:&quot;bottom&quot;,&quot;ignore&quot;:&quot;&quot;,&quot;reference&quot;:&quot;auto&quot;,&quot;class&quot;:&quot;&quot;,&quot;count&quot;:&quot;3&quot;,&quot;legendonly&quot;:&quot;&quot;,&quot;readonly&quot;:&quot;&quot;,&quot;score&quot;:&quot;5&quot;,&quot;starsonly&quot;:&quot;&quot;,&quot;best&quot;:&quot;5&quot;,&quot;gap&quot;:&quot;5&quot;,&quot;greet&quot;:&quot;Rate this post&quot;,&quot;legend&quot;:&quot;5\\\/5 - (3 ocena)&quot;,&quot;size&quot;:&quot;22&quot;,&quot;title&quot;:&quot;Podsumowanie tegorocznej F8 Developer Conference. Czego dotycz\u0105 zapowiedziane aktualizacje i zmiany na Facebooku, Messengerze i Instagramie?&quot;,&quot;width&quot;:&quot;132.5&quot;,&quot;_legend&quot;:&quot;{score}\\\/{best} - ({count} ocena)&quot;,&quot;font_factor&quot;:&quot;1.25&quot;}'>\n            \n<div class=\"kksr-stars\">\n    \n<div class=\"kksr-stars-inactive\">\n            <div class=\"kksr-star\" data-star=\"1\" style=\"padding-right: 5px\">\n            \n\n<div class=\"kksr-icon\" style=\"width: 22px; height: 22px;\"><\/div>\n        <\/div>\n            <div class=\"kksr-star\" data-star=\"2\" style=\"padding-right: 5px\">\n            \n\n<div class=\"kksr-icon\" style=\"width: 22px; height: 22px;\"><\/div>\n        <\/div>\n            <div class=\"kksr-star\" data-star=\"3\" style=\"padding-right: 5px\">\n            \n\n<div class=\"kksr-icon\" style=\"width: 22px; height: 22px;\"><\/div>\n        <\/div>\n            <div class=\"kksr-star\" data-star=\"4\" style=\"padding-right: 5px\">\n            \n\n<div class=\"kksr-icon\" style=\"width: 22px; height: 22px;\"><\/div>\n        <\/div>\n            <div class=\"kksr-star\" data-star=\"5\" style=\"padding-right: 5px\">\n            \n\n<div class=\"kksr-icon\" style=\"width: 22px; height: 22px;\"><\/div>\n        <\/div>\n    <\/div>\n    \n<div class=\"kksr-stars-active\" style=\"width: 132.5px;\">\n            <div class=\"kksr-star\" style=\"padding-right: 5px\">\n            \n\n<div class=\"kksr-icon\" style=\"width: 22px; height: 22px;\"><\/div>\n        <\/div>\n            <div class=\"kksr-star\" style=\"padding-right: 5px\">\n            \n\n<div class=\"kksr-icon\" style=\"width: 22px; height: 22px;\"><\/div>\n        <\/div>\n            <div class=\"kksr-star\" style=\"padding-right: 5px\">\n            \n\n<div class=\"kksr-icon\" style=\"width: 22px; height: 22px;\"><\/div>\n        <\/div>\n            <div class=\"kksr-star\" style=\"padding-right: 5px\">\n            \n\n<div class=\"kksr-icon\" style=\"width: 22px; height: 22px;\"><\/div>\n        <\/div>\n            <div class=\"kksr-star\" style=\"padding-right: 5px\">\n            \n\n<div class=\"kksr-icon\" style=\"width: 22px; height: 22px;\"><\/div>\n        <\/div>\n    <\/div>\n<\/div>\n                \n\n<div class=\"kksr-legend\" style=\"font-size: 17.6px;\">\n            5\/5 - (3 ocena)    <\/div>\n    <\/div>\n","protected":false},"excerpt":{"rendered":"<p>Podczas d\u0142ugiego maj\u00f3wkowego weekendu, \u015bwiat aktywnie dyskutowa\u0142 na temat konferencji F8, na kt\u00f3rej zosta\u0142y og\u0142oszone powa\u017cne zmiany w funkcjonalno\u015bci najpopularniejszych sieci spo\u0142eczno\u015bciowych. I my nie mo\u017cemy ich pomin\u0105\u0107, dlatego w jednym artykule zebrali\u015bmy wszystkie tematy i g\u0142\u00f3wne og\u0142oszenia, zapowiedziane na konferencji deweloper\u00f3w F8 2019. F8 Developer Conference ju\u017c tradycyjnie otworzy\u0142 w\u0142a\u015bciciel Facebooka, Messengera i Instagrama [&hellip;]<\/p>\n","protected":false},"author":101025,"featured_media":3608,"comment_status":"open","ping_status":"closed","sticky":false,"template":"","format":"standard","meta":{"_acf_changed":false,"_jetpack_newsletter_access":"","_jetpack_dont_email_post_to_subs":false,"_jetpack_newsletter_tier_id":0,"_jetpack_memberships_contains_paywalled_content":false,"_jetpack_memberships_contains_paid_content":false,"footnotes":""},"categories":[19],"tags":[242,145,264,54,272,270,271,75,76,243,128,140,254,211,125,241],"class_list":["post-3606","post","type-post","status-publish","format-standard","has-post-thumbnail","hentry","category-social-media","tag-ads-manager","tag-blog","tag-checkout","tag-ciekawostki-2","tag-design","tag-f8","tag-f8-developer-conference","tag-facebook","tag-facebook-ads","tag-facebook-ads-manager","tag-instagram","tag-mark-zuckerberg","tag-messenger","tag-smm","tag-social-media","tag-social-media-marketing"],"acf":[],"yoast_head":"<!-- This site is optimized with the Yoast SEO plugin v27.3 - https:\/\/yoast.com\/product\/yoast-seo-wordpress\/ -->\n<title>Podsumowanie tegorocznej F8 Developer Conference - WeNet<\/title>\n<meta name=\"description\" content=\"Podczas d\u0142ugiego maj\u00f3wkowego weekendu, \u015bwiat aktywnie dyskutowa\u0142 na temat konferencji F8, na kt\u00f3rej zosta\u0142y og\u0142oszone powa\u017cne zmiany w funkcjonalno\u015bci najpopularniejszych sieci spo\u0142eczno\u015bciowych. W jednym artykule zebrali\u015bmy wszystkie tematy i g\u0142\u00f3wne og\u0142oszenia, zapowiedziane na konferencji deweloper\u00f3w F8 2019.\" \/>\n<meta name=\"robots\" content=\"index, follow, max-snippet:-1, max-image-preview:large, max-video-preview:-1\" \/>\n<link rel=\"canonical\" href=\"https:\/\/wenet.pl\/blog\/podsumowanie-tegorocznej-f8-developer-conference-czego-dotycza-zapowiedziane-aktualizacje-zmiany-na-facebooku-messengerze-instagramie\/\" \/>\n<meta property=\"og:locale\" content=\"pl_PL\" \/>\n<meta property=\"og:type\" content=\"article\" \/>\n<meta property=\"og:title\" content=\"Podsumowanie tegorocznej F8 Developer Conference. Czego dotycz\u0105 zapowiedziane aktualizacje i zmiany na Facebooku, Messengerze i Instagramie?\" \/>\n<meta property=\"og:description\" content=\"Podczas d\u0142ugiego maj\u00f3wkowego weekendu, \u015bwiat aktywnie dyskutowa\u0142 na temat konferencji F8, na kt\u00f3rej zosta\u0142y og\u0142oszone powa\u017cne zmiany w funkcjonalno\u015bci najpopularniejszych sieci spo\u0142eczno\u015bciowych. I my nie mo\u017cemy ich pomin\u0105\u0107, dlatego w jednym artykule zebrali\u015bmy wszystkie tematy i g\u0142\u00f3wne og\u0142oszenia, zapowiedziane na konferencji deweloper\u00f3w F8 2019.\" \/>\n<meta property=\"og:url\" content=\"https:\/\/wenet.pl\/blog\/podsumowanie-tegorocznej-f8-developer-conference-czego-dotycza-zapowiedziane-aktualizacje-zmiany-na-facebooku-messengerze-instagramie\/\" \/>\n<meta property=\"og:site_name\" content=\"WeNet\" \/>\n<meta property=\"article:publisher\" content=\"https:\/\/www.facebook.com\/WeNet.Group\/\" \/>\n<meta property=\"article:published_time\" content=\"2019-05-08T10:37:10+00:00\" \/>\n<meta property=\"article:modified_time\" content=\"2023-10-12T13:41:10+00:00\" \/>\n<meta property=\"og:image\" content=\"https:\/\/prodblog.wenet.pl\/blog\/wp-content\/uploads\/2019\/05\/Podsumowanie_tegorocznej_F8_Developer_Conference.png\" \/>\n<meta name=\"author\" content=\"Maryna Novosiadla\" \/>\n<meta name=\"twitter:card\" content=\"summary_large_image\" \/>\n<meta name=\"twitter:title\" content=\"Podsumowanie tegorocznej F8 Developer Conference. Czego dotycz\u0105 zapowiedziane aktualizacje i zmiany na Facebooku, Messengerze i Instagramie?\" \/>\n<meta name=\"twitter:description\" content=\"Podczas d\u0142ugiego maj\u00f3wkowego weekendu, \u015bwiat aktywnie dyskutowa\u0142 na temat konferencji F8, na kt\u00f3rej zosta\u0142y og\u0142oszone powa\u017cne zmiany w funkcjonalno\u015bci najpopularniejszych sieci spo\u0142eczno\u015bciowych. I my nie mo\u017cemy ich pomin\u0105\u0107, dlatego w jednym artykule zebrali\u015bmy wszystkie tematy i g\u0142\u00f3wne og\u0142oszenia, zapowiedziane na konferencji deweloper\u00f3w F8 2019.\" \/>\n<meta name=\"twitter:image\" content=\"https:\/\/prodblog.wenet.pl\/blog\/wp-content\/uploads\/2019\/05\/Podsumowanie_tegorocznej_F8_Developer_Conference.png\" \/>\n<meta name=\"twitter:label1\" content=\"Napisane przez\" \/>\n\t<meta name=\"twitter:data1\" content=\"Maryna Novosiadla\" \/>\n\t<meta name=\"twitter:label2\" content=\"Szacowany czas czytania\" \/>\n\t<meta name=\"twitter:data2\" content=\"11 minut\" \/>\n<!-- \/ Yoast SEO plugin. -->","yoast_head_json":{"title":"Podsumowanie tegorocznej F8 Developer Conference - WeNet","description":"Podczas d\u0142ugiego maj\u00f3wkowego weekendu, \u015bwiat aktywnie dyskutowa\u0142 na temat konferencji F8, na kt\u00f3rej zosta\u0142y og\u0142oszone powa\u017cne zmiany w funkcjonalno\u015bci najpopularniejszych sieci spo\u0142eczno\u015bciowych. W jednym artykule zebrali\u015bmy wszystkie tematy i g\u0142\u00f3wne og\u0142oszenia, zapowiedziane na konferencji deweloper\u00f3w F8 2019.","robots":{"index":"index","follow":"follow","max-snippet":"max-snippet:-1","max-image-preview":"max-image-preview:large","max-video-preview":"max-video-preview:-1"},"canonical":"https:\/\/wenet.pl\/blog\/podsumowanie-tegorocznej-f8-developer-conference-czego-dotycza-zapowiedziane-aktualizacje-zmiany-na-facebooku-messengerze-instagramie\/","og_locale":"pl_PL","og_type":"article","og_title":"Podsumowanie tegorocznej F8 Developer Conference. Czego dotycz\u0105 zapowiedziane aktualizacje i zmiany na Facebooku, Messengerze i Instagramie?","og_description":"Podczas d\u0142ugiego maj\u00f3wkowego weekendu, \u015bwiat aktywnie dyskutowa\u0142 na temat konferencji F8, na kt\u00f3rej zosta\u0142y og\u0142oszone powa\u017cne zmiany w funkcjonalno\u015bci najpopularniejszych sieci spo\u0142eczno\u015bciowych. I my nie mo\u017cemy ich pomin\u0105\u0107, dlatego w jednym artykule zebrali\u015bmy wszystkie tematy i g\u0142\u00f3wne og\u0142oszenia, zapowiedziane na konferencji deweloper\u00f3w F8 2019.","og_url":"https:\/\/wenet.pl\/blog\/podsumowanie-tegorocznej-f8-developer-conference-czego-dotycza-zapowiedziane-aktualizacje-zmiany-na-facebooku-messengerze-instagramie\/","og_site_name":"WeNet","article_publisher":"https:\/\/www.facebook.com\/WeNet.Group\/","article_published_time":"2019-05-08T10:37:10+00:00","article_modified_time":"2023-10-12T13:41:10+00:00","og_image":[{"url":"https:\/\/prodblog.wenet.pl\/blog\/wp-content\/uploads\/2019\/05\/Podsumowanie_tegorocznej_F8_Developer_Conference.png","type":"","width":"","height":""}],"author":"Maryna Novosiadla","twitter_card":"summary_large_image","twitter_title":"Podsumowanie tegorocznej F8 Developer Conference. Czego dotycz\u0105 zapowiedziane aktualizacje i zmiany na Facebooku, Messengerze i Instagramie?","twitter_description":"Podczas d\u0142ugiego maj\u00f3wkowego weekendu, \u015bwiat aktywnie dyskutowa\u0142 na temat konferencji F8, na kt\u00f3rej zosta\u0142y og\u0142oszone powa\u017cne zmiany w funkcjonalno\u015bci najpopularniejszych sieci spo\u0142eczno\u015bciowych. I my nie mo\u017cemy ich pomin\u0105\u0107, dlatego w jednym artykule zebrali\u015bmy wszystkie tematy i g\u0142\u00f3wne og\u0142oszenia, zapowiedziane na konferencji deweloper\u00f3w F8 2019.","twitter_image":"https:\/\/prodblog.wenet.pl\/blog\/wp-content\/uploads\/2019\/05\/Podsumowanie_tegorocznej_F8_Developer_Conference.png","twitter_misc":{"Napisane przez":"Maryna Novosiadla","Szacowany czas czytania":"11 minut"},"schema":{"@context":"https:\/\/schema.org","@graph":[{"@type":"Article","@id":"https:\/\/wenet.pl\/blog\/podsumowanie-tegorocznej-f8-developer-conference-czego-dotycza-zapowiedziane-aktualizacje-zmiany-na-facebooku-messengerze-instagramie\/#article","isPartOf":{"@id":"https:\/\/wenet.pl\/blog\/podsumowanie-tegorocznej-f8-developer-conference-czego-dotycza-zapowiedziane-aktualizacje-zmiany-na-facebooku-messengerze-instagramie\/"},"author":{"name":"Maryna Novosiadla","@id":"https:\/\/wenet.pl\/blog\/#\/schema\/person\/478ce4e9d48a40ed6d9046ca91b73d74"},"headline":"Podsumowanie tegorocznej F8 Developer Conference. Czego dotycz\u0105 zapowiedziane aktualizacje i zmiany na Facebooku, Messengerze i Instagramie?","datePublished":"2019-05-08T10:37:10+00:00","dateModified":"2023-10-12T13:41:10+00:00","mainEntityOfPage":{"@id":"https:\/\/wenet.pl\/blog\/podsumowanie-tegorocznej-f8-developer-conference-czego-dotycza-zapowiedziane-aktualizacje-zmiany-na-facebooku-messengerze-instagramie\/"},"wordCount":1534,"commentCount":0,"publisher":{"@id":"https:\/\/wenet.pl\/blog\/#organization"},"image":{"@id":"https:\/\/wenet.pl\/blog\/podsumowanie-tegorocznej-f8-developer-conference-czego-dotycza-zapowiedziane-aktualizacje-zmiany-na-facebooku-messengerze-instagramie\/#primaryimage"},"thumbnailUrl":"https:\/\/wenet.pl\/blog\/wp-content\/uploads\/2019\/05\/News_Feed_Facebook.jpg","keywords":["Ads Manager","blog","checkout","ciekawostki","design","F8","F8 Developer Conference","facebook","facebook ads","Facebook Ads Manager","instagram","Mark Zuckerberg","messenger","SMM","Social Media","social media marketing"],"articleSection":["Social Media"],"inLanguage":"pl-PL","potentialAction":[{"@type":"CommentAction","name":"Comment","target":["https:\/\/wenet.pl\/blog\/podsumowanie-tegorocznej-f8-developer-conference-czego-dotycza-zapowiedziane-aktualizacje-zmiany-na-facebooku-messengerze-instagramie\/#respond"]}]},{"@type":"WebPage","@id":"https:\/\/wenet.pl\/blog\/podsumowanie-tegorocznej-f8-developer-conference-czego-dotycza-zapowiedziane-aktualizacje-zmiany-na-facebooku-messengerze-instagramie\/","url":"https:\/\/wenet.pl\/blog\/podsumowanie-tegorocznej-f8-developer-conference-czego-dotycza-zapowiedziane-aktualizacje-zmiany-na-facebooku-messengerze-instagramie\/","name":"Podsumowanie tegorocznej F8 Developer Conference","isPartOf":{"@id":"https:\/\/wenet.pl\/blog\/#website"},"primaryImageOfPage":{"@id":"https:\/\/wenet.pl\/blog\/podsumowanie-tegorocznej-f8-developer-conference-czego-dotycza-zapowiedziane-aktualizacje-zmiany-na-facebooku-messengerze-instagramie\/#primaryimage"},"image":{"@id":"https:\/\/wenet.pl\/blog\/podsumowanie-tegorocznej-f8-developer-conference-czego-dotycza-zapowiedziane-aktualizacje-zmiany-na-facebooku-messengerze-instagramie\/#primaryimage"},"thumbnailUrl":"https:\/\/wenet.pl\/blog\/wp-content\/uploads\/2019\/05\/News_Feed_Facebook.jpg","datePublished":"2019-05-08T10:37:10+00:00","dateModified":"2023-10-12T13:41:10+00:00","description":"Podczas d\u0142ugiego maj\u00f3wkowego weekendu, \u015bwiat aktywnie dyskutowa\u0142 na temat konferencji F8, na kt\u00f3rej zosta\u0142y og\u0142oszone powa\u017cne zmiany w funkcjonalno\u015bci najpopularniejszych sieci spo\u0142eczno\u015bciowych. W jednym artykule zebrali\u015bmy wszystkie tematy i g\u0142\u00f3wne og\u0142oszenia, zapowiedziane na konferencji deweloper\u00f3w F8 2019.","breadcrumb":{"@id":"https:\/\/wenet.pl\/blog\/podsumowanie-tegorocznej-f8-developer-conference-czego-dotycza-zapowiedziane-aktualizacje-zmiany-na-facebooku-messengerze-instagramie\/#breadcrumb"},"inLanguage":"pl-PL","potentialAction":[{"@type":"ReadAction","target":["https:\/\/wenet.pl\/blog\/podsumowanie-tegorocznej-f8-developer-conference-czego-dotycza-zapowiedziane-aktualizacje-zmiany-na-facebooku-messengerze-instagramie\/"]}]},{"@type":"ImageObject","inLanguage":"pl-PL","@id":"https:\/\/wenet.pl\/blog\/podsumowanie-tegorocznej-f8-developer-conference-czego-dotycza-zapowiedziane-aktualizacje-zmiany-na-facebooku-messengerze-instagramie\/#primaryimage","url":"https:\/\/wenet.pl\/blog\/wp-content\/uploads\/2019\/05\/News_Feed_Facebook.jpg","contentUrl":"https:\/\/wenet.pl\/blog\/wp-content\/uploads\/2019\/05\/News_Feed_Facebook.jpg","width":1920,"height":1311,"caption":"Podsumowanie tegorocznej F8 Developer Conference. Czego dotycz\u0105 zapowiedziane aktualizacje i zmiany na Facebooku, Messengerze i Instagramie?"},{"@type":"BreadcrumbList","@id":"https:\/\/wenet.pl\/blog\/podsumowanie-tegorocznej-f8-developer-conference-czego-dotycza-zapowiedziane-aktualizacje-zmiany-na-facebooku-messengerze-instagramie\/#breadcrumb","itemListElement":[{"@type":"ListItem","position":1,"name":"Blog","item":"https:\/\/wenet.pl\/blog\/"},{"@type":"ListItem","position":2,"name":"Podsumowanie tegorocznej F8 Developer Conference. Czego dotycz\u0105 zapowiedziane aktualizacje i zmiany na Facebooku, Messengerze i Instagramie?"}]},{"@type":"WebSite","@id":"https:\/\/wenet.pl\/blog\/#website","url":"https:\/\/wenet.pl\/blog\/","name":"WeNet","description":"","publisher":{"@id":"https:\/\/wenet.pl\/blog\/#organization"},"potentialAction":[{"@type":"SearchAction","target":{"@type":"EntryPoint","urlTemplate":"https:\/\/wenet.pl\/blog\/?s={search_term_string}"},"query-input":{"@type":"PropertyValueSpecification","valueRequired":true,"valueName":"search_term_string"}}],"inLanguage":"pl-PL"},{"@type":"Organization","@id":"https:\/\/wenet.pl\/blog\/#organization","name":"WeNet","url":"https:\/\/wenet.pl\/blog\/","logo":{"@type":"ImageObject","inLanguage":"pl-PL","@id":"https:\/\/wenet.pl\/blog\/#\/schema\/logo\/image\/","url":"https:\/\/wenet.pl\/blog\/wp-content\/uploads\/2021\/10\/logo-wenet-1.png","contentUrl":"https:\/\/wenet.pl\/blog\/wp-content\/uploads\/2021\/10\/logo-wenet-1.png","width":234,"height":56,"caption":"WeNet"},"image":{"@id":"https:\/\/wenet.pl\/blog\/#\/schema\/logo\/image\/"},"sameAs":["https:\/\/www.facebook.com\/WeNet.Group\/"]},{"@type":"Person","@id":"https:\/\/wenet.pl\/blog\/#\/schema\/person\/478ce4e9d48a40ed6d9046ca91b73d74","name":"Maryna Novosiadla","image":{"@type":"ImageObject","inLanguage":"pl-PL","@id":"https:\/\/wenet.pl\/blog\/wp-content\/uploads\/2018\/02\/111200-150x150.jpg","url":"https:\/\/wenet.pl\/blog\/wp-content\/uploads\/2018\/02\/111200-150x150.jpg","contentUrl":"https:\/\/wenet.pl\/blog\/wp-content\/uploads\/2018\/02\/111200-150x150.jpg","caption":"Maryna Novosiadla"},"description":"Specjalista do spraw Komunikacji i Marketingu w WeNet Group S.A.","url":"https:\/\/wenet.pl\/blog\/author\/maryna-strokova\/"}]}},"jetpack_featured_media_url":"https:\/\/wenet.pl\/blog\/wp-content\/uploads\/2019\/05\/News_Feed_Facebook.jpg","jetpack_shortlink":"https:\/\/wp.me\/p5muuP-Wa","jetpack_sharing_enabled":true,"_links":{"self":[{"href":"https:\/\/wenet.pl\/blog\/wp-json\/wp\/v2\/posts\/3606","targetHints":{"allow":["GET"]}}],"collection":[{"href":"https:\/\/wenet.pl\/blog\/wp-json\/wp\/v2\/posts"}],"about":[{"href":"https:\/\/wenet.pl\/blog\/wp-json\/wp\/v2\/types\/post"}],"author":[{"embeddable":true,"href":"https:\/\/wenet.pl\/blog\/wp-json\/wp\/v2\/users\/101025"}],"replies":[{"embeddable":true,"href":"https:\/\/wenet.pl\/blog\/wp-json\/wp\/v2\/comments?post=3606"}],"version-history":[{"count":14,"href":"https:\/\/wenet.pl\/blog\/wp-json\/wp\/v2\/posts\/3606\/revisions"}],"predecessor-version":[{"id":7257,"href":"https:\/\/wenet.pl\/blog\/wp-json\/wp\/v2\/posts\/3606\/revisions\/7257"}],"wp:featuredmedia":[{"embeddable":true,"href":"https:\/\/wenet.pl\/blog\/wp-json\/wp\/v2\/media\/3608"}],"wp:attachment":[{"href":"https:\/\/wenet.pl\/blog\/wp-json\/wp\/v2\/media?parent=3606"}],"wp:term":[{"taxonomy":"category","embeddable":true,"href":"https:\/\/wenet.pl\/blog\/wp-json\/wp\/v2\/categories?post=3606"},{"taxonomy":"post_tag","embeddable":true,"href":"https:\/\/wenet.pl\/blog\/wp-json\/wp\/v2\/tags?post=3606"}],"curies":[{"name":"wp","href":"https:\/\/api.w.org\/{rel}","templated":true}]}}