{"id":3869,"date":"2019-07-17T09:57:47","date_gmt":"2019-07-17T07:57:47","guid":{"rendered":"https:\/\/prodblog.wenet.pl\/?p=3869"},"modified":"2023-09-04T23:04:08","modified_gmt":"2023-09-04T21:04:08","slug":"odznaczenie-lider-wsrod-fanow-na-facebooku-ma-juz-rok-przypominamy-czym-jest-to-wyroznienie","status":"publish","type":"post","link":"https:\/\/wenet.pl\/blog\/odznaczenie-lider-wsrod-fanow-na-facebooku-ma-juz-rok-przypominamy-czym-jest-to-wyroznienie\/","title":{"rendered":"Odznaczenie Lider w\u015br\u00f3d fan\u00f3w na Facebooku ma ju\u017c rok! Przypominamy, czym jest to wyr\u00f3\u017cnienie"},"content":{"rendered":"<p><img decoding=\"async\" class=\"aligncenter size-full wp-image-3878 colorbox-3869 lazyload\" data-src=\"https:\/\/wenet.pl\/blog\/wp-content\/uploads\/2019\/07\/Odznaczenie_Lider_wsrod_fanow_na_Facebooku_ma_juz__rok.jpg\" alt=\"Lider_wsrod_fanow_czym_jest_i_skad_sie_bierze\" width=\"4704\" height=\"3104\" data-srcset=\"https:\/\/wenet.pl\/blog\/wp-content\/uploads\/2019\/07\/Odznaczenie_Lider_wsrod_fanow_na_Facebooku_ma_juz__rok.jpg 4704w, https:\/\/wenet.pl\/blog\/wp-content\/uploads\/2019\/07\/Odznaczenie_Lider_wsrod_fanow_na_Facebooku_ma_juz__rok-200x132.jpg 200w, https:\/\/wenet.pl\/blog\/wp-content\/uploads\/2019\/07\/Odznaczenie_Lider_wsrod_fanow_na_Facebooku_ma_juz__rok-455x300.jpg 455w, https:\/\/wenet.pl\/blog\/wp-content\/uploads\/2019\/07\/Odznaczenie_Lider_wsrod_fanow_na_Facebooku_ma_juz__rok-768x507.jpg 768w, https:\/\/wenet.pl\/blog\/wp-content\/uploads\/2019\/07\/Odznaczenie_Lider_wsrod_fanow_na_Facebooku_ma_juz__rok-1200x792.jpg 1200w, https:\/\/wenet.pl\/blog\/wp-content\/uploads\/2019\/07\/Odznaczenie_Lider_wsrod_fanow_na_Facebooku_ma_juz__rok-696x459.jpg 696w, https:\/\/wenet.pl\/blog\/wp-content\/uploads\/2019\/07\/Odznaczenie_Lider_wsrod_fanow_na_Facebooku_ma_juz__rok-1068x705.jpg 1068w, https:\/\/wenet.pl\/blog\/wp-content\/uploads\/2019\/07\/Odznaczenie_Lider_wsrod_fanow_na_Facebooku_ma_juz__rok-636x420.jpg 636w, https:\/\/wenet.pl\/blog\/wp-content\/uploads\/2019\/07\/Odznaczenie_Lider_wsrod_fanow_na_Facebooku_ma_juz__rok-1273x840.jpg 1273w, https:\/\/wenet.pl\/blog\/wp-content\/uploads\/2019\/07\/Odznaczenie_Lider_wsrod_fanow_na_Facebooku_ma_juz__rok-1920x1267.jpg 1920w\" data-sizes=\"(max-width: 4704px) 100vw, 4704px\" src=\"data:image\/svg+xml;base64,PHN2ZyB3aWR0aD0iMSIgaGVpZ2h0PSIxIiB4bWxucz0iaHR0cDovL3d3dy53My5vcmcvMjAwMC9zdmciPjwvc3ZnPg==\" style=\"--smush-placeholder-width: 4704px; --smush-placeholder-aspect-ratio: 4704\/3104;\" \/>Jaki\u015b czas temu pisali\u015bmy, \u017ce <a href=\"https:\/\/wenet.pl\/blog\/facebook-gratyfikuje-zaangazowanie-fanow-odznaka-lider-wsrod-fanow\/\">Facebook gratyfikuje zaanga\u017cowanie<\/a> u\u017cytkownik\u00f3w na fanpage\u2019u, przyznaj\u0105c im odznak\u0119 \u201eLider w\u015br\u00f3d fan\u00f3w\u201d. To tajemnicze odznaczenie, wcze\u015bniej w postaci gwiazdki w kole, obecnie \u2013 diamentu, pojawi\u0142o si\u0119 na Facebooku ju\u017c do\u015b\u0107 dawno, bo w maju 2018 roku. Temat jednak nie cichnie, a wr\u0119cz liczba zapyta\u0144 w wyszukiwarce stale ro\u015bnie. Dla tych, kt\u00f3rzy nadal nie do ko\u0144ca rozumiej\u0105, czym jest, sk\u0105d si\u0119 wzi\u0119\u0142o i czy mo\u017cna z niego zrezygnowa\u0107, mamy kilka s\u0142\u00f3w przypomnienia.<img decoding=\"async\" class=\"aligncenter size-full wp-image-3870 colorbox-3869 lazyload\" data-src=\"https:\/\/wenet.pl\/blog\/wp-content\/uploads\/2019\/07\/lider3.jpg\" alt=\"Odznaczenie_Lider_wsrod_fanow_na_Facebooku_ma_juz_rok\" width=\"898\" height=\"564\" data-srcset=\"https:\/\/wenet.pl\/blog\/wp-content\/uploads\/2019\/07\/lider3.jpg 898w, https:\/\/wenet.pl\/blog\/wp-content\/uploads\/2019\/07\/lider3-200x126.jpg 200w, https:\/\/wenet.pl\/blog\/wp-content\/uploads\/2019\/07\/lider3-478x300.jpg 478w, https:\/\/wenet.pl\/blog\/wp-content\/uploads\/2019\/07\/lider3-768x482.jpg 768w, https:\/\/wenet.pl\/blog\/wp-content\/uploads\/2019\/07\/lider3-696x437.jpg 696w, https:\/\/wenet.pl\/blog\/wp-content\/uploads\/2019\/07\/lider3-669x420.jpg 669w\" data-sizes=\"(max-width: 898px) 100vw, 898px\" src=\"data:image\/svg+xml;base64,PHN2ZyB3aWR0aD0iMSIgaGVpZ2h0PSIxIiB4bWxucz0iaHR0cDovL3d3dy53My5vcmcvMjAwMC9zdmciPjwvc3ZnPg==\" style=\"--smush-placeholder-width: 898px; --smush-placeholder-aspect-ratio: 898\/564;\" \/><\/p>\n<p><img decoding=\"async\" class=\"aligncenter size-full wp-image-3883 colorbox-3869 lazyload\" data-src=\"https:\/\/wenet.pl\/blog\/wp-content\/uploads\/2019\/07\/pkt.jpg\" alt=\"pkt.pl\" width=\"480\" height=\"717\" data-srcset=\"https:\/\/wenet.pl\/blog\/wp-content\/uploads\/2019\/07\/pkt.jpg 480w, https:\/\/wenet.pl\/blog\/wp-content\/uploads\/2019\/07\/pkt-107x160.jpg 107w, https:\/\/wenet.pl\/blog\/wp-content\/uploads\/2019\/07\/pkt-201x300.jpg 201w, https:\/\/wenet.pl\/blog\/wp-content\/uploads\/2019\/07\/pkt-281x420.jpg 281w\" data-sizes=\"(max-width: 480px) 100vw, 480px\" src=\"data:image\/svg+xml;base64,PHN2ZyB3aWR0aD0iMSIgaGVpZ2h0PSIxIiB4bWxucz0iaHR0cDovL3d3dy53My5vcmcvMjAwMC9zdmciPjwvc3ZnPg==\" style=\"--smush-placeholder-width: 480px; --smush-placeholder-aspect-ratio: 480\/717;\" \/><\/p>\n<h2>Lider w\u015br\u00f3d fan\u00f3w \u2013 czym jest i sk\u0105d si\u0119 bierze?<\/h2>\n<p>Odznaczenie &#8220;Lider w\u015br\u00f3d fan\u00f3w&#8221; nadawane jest najbardziej aktywnym fanom danej strony, czyli najcz\u0119\u015bciej komentuj\u0105cym, lajkuj\u0105cym \u2013 jednym s\u0142owem reaguj\u0105cym najaktywniej na tre\u015bci pojawiaj\u0105ce si\u0119 na fanpage\u2019u. Wbrew pozorom \u2013 nie chodzi tu tylko o pozytywne komentarze, lecz ka\u017cdy przejaw aktywno\u015bci \u2013 tak\u017ce tej mniej aprobuj\u0105cej. Odznaczenie na ten moment nie jest przyznawane przez administrator\u00f3w fanpage, lecz automatycznie \u2013 przez Facebooka i jest wynikiem pracy algorytmu. Dok\u0142adna zasada jego dzia\u0142ania nie jest jednak jeszcze na ten moment znana. Zmiennych jest tak wiele, \u017ce otrzymujemy t\u0119 odznak\u0119 na fanpage\u2019ach, gdzie w naszej opinii nie udzielamy si\u0119 a\u017c tak cz\u0119sto.<\/p>\n<p>Sk\u0105d u\u017cytkownik dowie si\u0119, \u017ce jest jednym z najbardziej aktywnych fan\u00f3w fanpage\u2019a i mo\u017ce otrzyma\u0107 wyr\u00f3\u017cnienie? Otrzyma na ten temat powiadomienie. Odznak\u0119 natomiast zobaczy dopiero po wej\u015bciu na dany fanpage, kt\u00f3rego ona dotyczy.<img decoding=\"async\" class=\"aligncenter size-full wp-image-3885 colorbox-3869 lazyload\" data-src=\"https:\/\/wenet.pl\/blog\/wp-content\/uploads\/2019\/07\/Lider_wsrod_fanow_czym_jest_i_skad_sie_bierze-1.png\" alt=\"Lider_wsrod_fanow_czym_jest_i_skad_sie_bierze\" width=\"1061\" height=\"488\" data-srcset=\"https:\/\/wenet.pl\/blog\/wp-content\/uploads\/2019\/07\/Lider_wsrod_fanow_czym_jest_i_skad_sie_bierze-1.png 1061w, https:\/\/wenet.pl\/blog\/wp-content\/uploads\/2019\/07\/Lider_wsrod_fanow_czym_jest_i_skad_sie_bierze-1-200x92.png 200w, https:\/\/wenet.pl\/blog\/wp-content\/uploads\/2019\/07\/Lider_wsrod_fanow_czym_jest_i_skad_sie_bierze-1-652x300.png 652w, https:\/\/wenet.pl\/blog\/wp-content\/uploads\/2019\/07\/Lider_wsrod_fanow_czym_jest_i_skad_sie_bierze-1-768x353.png 768w, https:\/\/wenet.pl\/blog\/wp-content\/uploads\/2019\/07\/Lider_wsrod_fanow_czym_jest_i_skad_sie_bierze-1-696x320.png 696w, https:\/\/wenet.pl\/blog\/wp-content\/uploads\/2019\/07\/Lider_wsrod_fanow_czym_jest_i_skad_sie_bierze-1-913x420.png 913w\" data-sizes=\"(max-width: 1061px) 100vw, 1061px\" src=\"data:image\/svg+xml;base64,PHN2ZyB3aWR0aD0iMSIgaGVpZ2h0PSIxIiB4bWxucz0iaHR0cDovL3d3dy53My5vcmcvMjAwMC9zdmciPjwvc3ZnPg==\" style=\"--smush-placeholder-width: 1061px; --smush-placeholder-aspect-ratio: 1061\/488;\" \/><\/p>\n<h2>Wy\u0142\u0105czenie albo ukrycie odznaki<\/h2>\n<p>Odznaka &#8220;Lider w\u015br\u00f3d fan\u00f3w&#8221; jest form\u0105 gratyfikacji i docenienia dla u\u017cytkownika za jego aktywno\u015b\u0107, ale nie jest ona przyznana raz na zawsze. Aby j\u0105 utrzyma\u0107, nale\u017cy podtrzymywa\u0107 swoj\u0105 aktywno\u015b\u0107 na danym fanpage \u2013 w przeciwnym razie odznaczenie zostanie wy\u0142\u0105czone. To, czy odznaka finalnie pojawi si\u0119 na profilu u\u017cytkownika, zale\u017cy od niego samego. U\u017cytkownik mo\u017ce nie wyrazi\u0107 zgody na jej wy\u015bwietlenie albo po jakim\u015b czasie np. sam j\u0105 wy\u0142\u0105czy\u0107. Podobna zasada dotyczy tak\u017ce <a href=\"https:\/\/wenet.pl\/?s=oznaczenia\">innych oznacze\u0144, jakie Facebook nadaje u\u017cytkownikom<\/a>, tym razem w ramach grup.<img decoding=\"async\" class=\"aligncenter size-full wp-image-3886 colorbox-3869 lazyload\" data-src=\"https:\/\/wenet.pl\/blog\/wp-content\/uploads\/2019\/07\/Lider_wsrod_fanow_czym_jest_i_skad_sie_bierze_.png\" alt=\"Lider_wsrod_fanow_czym_jest_i_skad_sie_bierze\" width=\"1292\" height=\"638\" data-srcset=\"https:\/\/wenet.pl\/blog\/wp-content\/uploads\/2019\/07\/Lider_wsrod_fanow_czym_jest_i_skad_sie_bierze_.png 1292w, https:\/\/wenet.pl\/blog\/wp-content\/uploads\/2019\/07\/Lider_wsrod_fanow_czym_jest_i_skad_sie_bierze_-200x99.png 200w, https:\/\/wenet.pl\/blog\/wp-content\/uploads\/2019\/07\/Lider_wsrod_fanow_czym_jest_i_skad_sie_bierze_-608x300.png 608w, https:\/\/wenet.pl\/blog\/wp-content\/uploads\/2019\/07\/Lider_wsrod_fanow_czym_jest_i_skad_sie_bierze_-768x379.png 768w, https:\/\/wenet.pl\/blog\/wp-content\/uploads\/2019\/07\/Lider_wsrod_fanow_czym_jest_i_skad_sie_bierze_-1200x593.png 1200w, https:\/\/wenet.pl\/blog\/wp-content\/uploads\/2019\/07\/Lider_wsrod_fanow_czym_jest_i_skad_sie_bierze_-324x160.png 324w, https:\/\/wenet.pl\/blog\/wp-content\/uploads\/2019\/07\/Lider_wsrod_fanow_czym_jest_i_skad_sie_bierze_-696x344.png 696w, https:\/\/wenet.pl\/blog\/wp-content\/uploads\/2019\/07\/Lider_wsrod_fanow_czym_jest_i_skad_sie_bierze_-1068x527.png 1068w, https:\/\/wenet.pl\/blog\/wp-content\/uploads\/2019\/07\/Lider_wsrod_fanow_czym_jest_i_skad_sie_bierze_-851x420.png 851w\" data-sizes=\"(max-width: 1292px) 100vw, 1292px\" src=\"data:image\/svg+xml;base64,PHN2ZyB3aWR0aD0iMSIgaGVpZ2h0PSIxIiB4bWxucz0iaHR0cDovL3d3dy53My5vcmcvMjAwMC9zdmciPjwvc3ZnPg==\" style=\"--smush-placeholder-width: 1292px; --smush-placeholder-aspect-ratio: 1292\/638;\" \/><\/p>\n<p>Czy w \u015blad za odznaczeniem idzie jaka\u015b nagroda albo dodatkowy przywilej dla lidera?\u00a0 Na ten moment wydaje si\u0119, \u017ce nie, ale Facebook na pewno ju\u017c co\u015b dla nas szykuje.<\/p><div class=\"uhvjm69f2c724338d3\" ><!-- Komunikacja z klientem -->\n<!--HubSpot Call-to-Action Code --><span class=\"hs-cta-wrapper\" id=\"hs-cta-wrapper-8265bd58-ea47-4c6a-9f25-dd290dd6f8c8\"><span class=\"hs-cta-node hs-cta-8265bd58-ea47-4c6a-9f25-dd290dd6f8c8\" id=\"hs-cta-8265bd58-ea47-4c6a-9f25-dd290dd6f8c8\"><!--[if lte IE 8]><div id=\"hs-cta-ie-element\"><\/div><![endif]--><a href=\"https:\/\/hubspot-cta-redirect-eu1-prod.s3.amazonaws.com\/cta\/redirect\/25646044\/8265bd58-ea47-4c6a-9f25-dd290dd6f8c8\" target=\"_blank\" rel=\"noopener\"><img class=\"hs-cta-img colorbox-3869 lazyload\" id=\"hs-cta-img-8265bd58-ea47-4c6a-9f25-dd290dd6f8c8\" style=\"border-width:0px;\" data-src=\"https:\/\/hubspot-no-cache-eu1-prod.s3.amazonaws.com\/cta\/default\/25646044\/8265bd58-ea47-4c6a-9f25-dd290dd6f8c8.png\"  alt=\"Nowe wezwanie do dzia\u0142ania\" src=\"data:image\/svg+xml;base64,PHN2ZyB3aWR0aD0iMSIgaGVpZ2h0PSIxIiB4bWxucz0iaHR0cDovL3d3dy53My5vcmcvMjAwMC9zdmciPjwvc3ZnPg==\" \/><\/a><\/span><script charset=\"utf-8\" src=\"https:\/\/js-eu1.hscta.net\/cta\/current.js\"><\/script><script type=\"text\/javascript\"> hbspt.cta.load(25646044, '8265bd58-ea47-4c6a-9f25-dd290dd6f8c8', {\"useNewLoader\":\"true\",\"region\":\"eu1\"}); <\/script><\/span><!-- end HubSpot Call-to-Action Code -->\n<\/div><style type=\"text\/css\">\r\n@media screen and (min-width: 1201px) {\r\n.uhvjm69f2c724338d3 {\r\ndisplay: block;\r\n}\r\n}\r\n@media screen and (min-width: 993px) and (max-width: 1200px) {\r\n.uhvjm69f2c724338d3 {\r\ndisplay: block;\r\n}\r\n}\r\n@media screen and (min-width: 769px) and (max-width: 992px) {\r\n.uhvjm69f2c724338d3 {\r\ndisplay: block;\r\n}\r\n}\r\n@media screen and (min-width: 768px) and (max-width: 768px) {\r\n.uhvjm69f2c724338d3 {\r\ndisplay: block;\r\n}\r\n}\r\n@media screen and (max-width: 767px) {\r\n.uhvjm69f2c724338d3 {\r\ndisplay: block;\r\n}\r\n}\r\n<\/style>\r\n<div class=\"refop69f2c7243384d\" ><!-- Email Marketing -->\n<!--HubSpot Call-to-Action Code --><span class=\"hs-cta-wrapper\" id=\"hs-cta-wrapper-08eb5d7e-b5b4-457b-9ce5-ceff89d6b956\"><span class=\"hs-cta-node hs-cta-08eb5d7e-b5b4-457b-9ce5-ceff89d6b956\" id=\"hs-cta-08eb5d7e-b5b4-457b-9ce5-ceff89d6b956\"><!--[if lte IE 8]><div id=\"hs-cta-ie-element\"><\/div><![endif]--><a href=\"https:\/\/hubspot-cta-redirect-eu1-prod.s3.amazonaws.com\/cta\/redirect\/25646044\/08eb5d7e-b5b4-457b-9ce5-ceff89d6b956\" target=\"_blank\" rel=\"noopener\"><img class=\"hs-cta-img colorbox-3869 lazyload\" id=\"hs-cta-img-08eb5d7e-b5b4-457b-9ce5-ceff89d6b956\" style=\"border-width:0px;\" data-src=\"https:\/\/hubspot-no-cache-eu1-prod.s3.amazonaws.com\/cta\/default\/25646044\/08eb5d7e-b5b4-457b-9ce5-ceff89d6b956.png\"  alt=\"Nowe wezwanie do dzia\u0142ania\" src=\"data:image\/svg+xml;base64,PHN2ZyB3aWR0aD0iMSIgaGVpZ2h0PSIxIiB4bWxucz0iaHR0cDovL3d3dy53My5vcmcvMjAwMC9zdmciPjwvc3ZnPg==\" \/><\/a><\/span><script charset=\"utf-8\" src=\"https:\/\/js-eu1.hscta.net\/cta\/current.js\"><\/script><script type=\"text\/javascript\"> hbspt.cta.load(25646044, '08eb5d7e-b5b4-457b-9ce5-ceff89d6b956', {\"useNewLoader\":\"true\",\"region\":\"eu1\"}); <\/script><\/span><!-- end HubSpot Call-to-Action Code -->\n<\/div><style type=\"text\/css\">\r\n@media screen and (min-width: 1201px) {\r\n.refop69f2c7243384d {\r\ndisplay: block;\r\n}\r\n}\r\n@media screen and (min-width: 993px) and (max-width: 1200px) {\r\n.refop69f2c7243384d {\r\ndisplay: block;\r\n}\r\n}\r\n@media screen and (min-width: 769px) and (max-width: 992px) {\r\n.refop69f2c7243384d {\r\ndisplay: block;\r\n}\r\n}\r\n@media screen and (min-width: 768px) and (max-width: 768px) {\r\n.refop69f2c7243384d {\r\ndisplay: block;\r\n}\r\n}\r\n@media screen and (max-width: 767px) {\r\n.refop69f2c7243384d {\r\ndisplay: block;\r\n}\r\n}\r\n<\/style>\r\n<div class=\"wqdio69f2c724337d1\" ><!-- Zarz\u0105dzanie firm\u0105 -->\n\n<!--HubSpot Call-to-Action Code --><span class=\"hs-cta-wrapper\" id=\"hs-cta-wrapper-64d5a1d6-a25c-4d42-9cf0-0a4f91b5642d\"><span class=\"hs-cta-node hs-cta-64d5a1d6-a25c-4d42-9cf0-0a4f91b5642d\" id=\"hs-cta-64d5a1d6-a25c-4d42-9cf0-0a4f91b5642d\"><!--[if lte IE 8]><div id=\"hs-cta-ie-element\"><\/div><![endif]--><a href=\"https:\/\/hubspot-cta-redirect-eu1-prod.s3.amazonaws.com\/cta\/redirect\/25646044\/64d5a1d6-a25c-4d42-9cf0-0a4f91b5642d\" target=\"_blank\" rel=\"noopener\"><img class=\"hs-cta-img colorbox-3869 lazyload\" id=\"hs-cta-img-64d5a1d6-a25c-4d42-9cf0-0a4f91b5642d\" style=\"border-width:0px;\" data-src=\"https:\/\/hubspot-no-cache-eu1-prod.s3.amazonaws.com\/cta\/default\/25646044\/64d5a1d6-a25c-4d42-9cf0-0a4f91b5642d.png\"  alt=\"e-book Dlaczego Twoja firma powinna by\u0107 obecna w Internecie\" src=\"data:image\/svg+xml;base64,PHN2ZyB3aWR0aD0iMSIgaGVpZ2h0PSIxIiB4bWxucz0iaHR0cDovL3d3dy53My5vcmcvMjAwMC9zdmciPjwvc3ZnPg==\" \/><\/a><\/span><script charset=\"utf-8\" src=\"https:\/\/js-eu1.hscta.net\/cta\/current.js\"><\/script><script type=\"text\/javascript\"> hbspt.cta.load(25646044, '64d5a1d6-a25c-4d42-9cf0-0a4f91b5642d', {\"useNewLoader\":\"true\",\"region\":\"eu1\"}); <\/script><\/span><!-- end HubSpot Call-to-Action Code -->\n<\/div><style type=\"text\/css\">\r\n@media screen and (min-width: 1201px) {\r\n.wqdio69f2c724337d1 {\r\ndisplay: block;\r\n}\r\n}\r\n@media screen and (min-width: 993px) and (max-width: 1200px) {\r\n.wqdio69f2c724337d1 {\r\ndisplay: block;\r\n}\r\n}\r\n@media screen and (min-width: 769px) and (max-width: 992px) {\r\n.wqdio69f2c724337d1 {\r\ndisplay: block;\r\n}\r\n}\r\n@media screen and (min-width: 768px) and (max-width: 768px) {\r\n.wqdio69f2c724337d1 {\r\ndisplay: block;\r\n}\r\n}\r\n@media screen and (max-width: 767px) {\r\n.wqdio69f2c724337d1 {\r\ndisplay: block;\r\n}\r\n}\r\n<\/style>\r\n<div class=\"wtvxx69f2c72433754\" ><!-- Video -->\n\n<!--HubSpot Call-to-Action Code --><span class=\"hs-cta-wrapper\" id=\"hs-cta-wrapper-d5317067-b35b-4752-8a1e-3ef0d70566f6\"><span class=\"hs-cta-node hs-cta-d5317067-b35b-4752-8a1e-3ef0d70566f6\" id=\"hs-cta-d5317067-b35b-4752-8a1e-3ef0d70566f6\"><!--[if lte IE 8]><div id=\"hs-cta-ie-element\"><\/div><![endif]--><a href=\"https:\/\/hubspot-cta-redirect-eu1-prod.s3.amazonaws.com\/cta\/redirect\/25646044\/d5317067-b35b-4752-8a1e-3ef0d70566f6\" target=\"_blank\" rel=\"noopener\"><img class=\"hs-cta-img colorbox-3869 lazyload\" id=\"hs-cta-img-d5317067-b35b-4752-8a1e-3ef0d70566f6\" style=\"border-width:0px;\" data-src=\"https:\/\/hubspot-no-cache-eu1-prod.s3.amazonaws.com\/cta\/default\/25646044\/d5317067-b35b-4752-8a1e-3ef0d70566f6.png\"  alt=\"e-book 18 wskaz\u00f3wek, kt\u00f3re rozwin\u0105 Tw\u00f3j kana\u0142 na YouTube\" src=\"data:image\/svg+xml;base64,PHN2ZyB3aWR0aD0iMSIgaGVpZ2h0PSIxIiB4bWxucz0iaHR0cDovL3d3dy53My5vcmcvMjAwMC9zdmciPjwvc3ZnPg==\" \/><\/a><\/span><script charset=\"utf-8\" src=\"https:\/\/js-eu1.hscta.net\/cta\/current.js\"><\/script><script type=\"text\/javascript\"> hbspt.cta.load(25646044, 'd5317067-b35b-4752-8a1e-3ef0d70566f6', {\"useNewLoader\":\"true\",\"region\":\"eu1\"}); <\/script><\/span><!-- end HubSpot Call-to-Action Code -->\n<\/div><style type=\"text\/css\">\r\n@media screen and (min-width: 1201px) {\r\n.wtvxx69f2c72433754 {\r\ndisplay: block;\r\n}\r\n}\r\n@media screen and (min-width: 993px) and (max-width: 1200px) {\r\n.wtvxx69f2c72433754 {\r\ndisplay: block;\r\n}\r\n}\r\n@media screen and (min-width: 769px) and (max-width: 992px) {\r\n.wtvxx69f2c72433754 {\r\ndisplay: block;\r\n}\r\n}\r\n@media screen and (min-width: 768px) and (max-width: 768px) {\r\n.wtvxx69f2c72433754 {\r\ndisplay: block;\r\n}\r\n}\r\n@media screen and (max-width: 767px) {\r\n.wtvxx69f2c72433754 {\r\ndisplay: block;\r\n}\r\n}\r\n<\/style>\r\n<div class=\"qoxpj69f2c724336d5\" ><!-- Tworzenie stron -->\n<!--HubSpot Call-to-Action Code --><span class=\"hs-cta-wrapper\" id=\"hs-cta-wrapper-ef1529b5-b78c-4b0b-bf0b-4ecc75e0bafc\"><span class=\"hs-cta-node hs-cta-ef1529b5-b78c-4b0b-bf0b-4ecc75e0bafc\" id=\"hs-cta-ef1529b5-b78c-4b0b-bf0b-4ecc75e0bafc\"><!--[if lte IE 8]><div id=\"hs-cta-ie-element\"><\/div><![endif]--><a href=\"https:\/\/hubspot-cta-redirect-eu1-prod.s3.amazonaws.com\/cta\/redirect\/25646044\/ef1529b5-b78c-4b0b-bf0b-4ecc75e0bafc\" target=\"_blank\" rel=\"noopener\"><img class=\"hs-cta-img colorbox-3869 lazyload\" id=\"hs-cta-img-ef1529b5-b78c-4b0b-bf0b-4ecc75e0bafc\" style=\"border-width:0px;\" data-src=\"https:\/\/hubspot-no-cache-eu1-prod.s3.amazonaws.com\/cta\/default\/25646044\/ef1529b5-b78c-4b0b-bf0b-4ecc75e0bafc.png\"  alt=\"Nowe wezwanie do dzia\u0142ania\" src=\"data:image\/svg+xml;base64,PHN2ZyB3aWR0aD0iMSIgaGVpZ2h0PSIxIiB4bWxucz0iaHR0cDovL3d3dy53My5vcmcvMjAwMC9zdmciPjwvc3ZnPg==\" \/><\/a><\/span><script charset=\"utf-8\" src=\"https:\/\/js-eu1.hscta.net\/cta\/current.js\"><\/script><script type=\"text\/javascript\"> hbspt.cta.load(25646044, 'ef1529b5-b78c-4b0b-bf0b-4ecc75e0bafc', {\"useNewLoader\":\"true\",\"region\":\"eu1\"}); <\/script><\/span><!-- end HubSpot Call-to-Action Code -->\n<\/div><style type=\"text\/css\">\r\n@media screen and (min-width: 1201px) {\r\n.qoxpj69f2c724336d5 {\r\ndisplay: block;\r\n}\r\n}\r\n@media screen and (min-width: 993px) and (max-width: 1200px) {\r\n.qoxpj69f2c724336d5 {\r\ndisplay: block;\r\n}\r\n}\r\n@media screen and (min-width: 769px) and (max-width: 992px) {\r\n.qoxpj69f2c724336d5 {\r\ndisplay: block;\r\n}\r\n}\r\n@media screen and (min-width: 768px) and (max-width: 768px) {\r\n.qoxpj69f2c724336d5 {\r\ndisplay: block;\r\n}\r\n}\r\n@media screen and (max-width: 767px) {\r\n.qoxpj69f2c724336d5 {\r\ndisplay: block;\r\n}\r\n}\r\n<\/style>\r\n<div class=\"mqpdr69f2c7243365e\" ><!-- Strategia marketingowa -->\n<!--HubSpot Call-to-Action Code --><span class=\"hs-cta-wrapper\" id=\"hs-cta-wrapper-9d4aa58d-1ab7-4301-b000-ac3d639abc98\"><span class=\"hs-cta-node hs-cta-9d4aa58d-1ab7-4301-b000-ac3d639abc98\" id=\"hs-cta-9d4aa58d-1ab7-4301-b000-ac3d639abc98\"><!--[if lte IE 8]><div id=\"hs-cta-ie-element\"><\/div><![endif]--><a href=\"https:\/\/hubspot-cta-redirect-eu1-prod.s3.amazonaws.com\/cta\/redirect\/25646044\/9d4aa58d-1ab7-4301-b000-ac3d639abc98\" target=\"_blank\" rel=\"noopener\"><img class=\"hs-cta-img colorbox-3869 lazyload\" id=\"hs-cta-img-9d4aa58d-1ab7-4301-b000-ac3d639abc98\" style=\"border-width:0px;\" data-src=\"https:\/\/hubspot-no-cache-eu1-prod.s3.amazonaws.com\/cta\/default\/25646044\/9d4aa58d-1ab7-4301-b000-ac3d639abc98.png\"  alt=\"Nowe wezwanie do dzia\u0142ania\" src=\"data:image\/svg+xml;base64,PHN2ZyB3aWR0aD0iMSIgaGVpZ2h0PSIxIiB4bWxucz0iaHR0cDovL3d3dy53My5vcmcvMjAwMC9zdmciPjwvc3ZnPg==\" \/><\/a><\/span><script charset=\"utf-8\" src=\"https:\/\/js-eu1.hscta.net\/cta\/current.js\"><\/script><script type=\"text\/javascript\"> hbspt.cta.load(25646044, '9d4aa58d-1ab7-4301-b000-ac3d639abc98', {\"useNewLoader\":\"true\",\"region\":\"eu1\"}); <\/script><\/span><!-- end HubSpot Call-to-Action Code -->\n<\/div><style type=\"text\/css\">\r\n@media screen and (min-width: 1201px) {\r\n.mqpdr69f2c7243365e {\r\ndisplay: block;\r\n}\r\n}\r\n@media screen and (min-width: 993px) and (max-width: 1200px) {\r\n.mqpdr69f2c7243365e {\r\ndisplay: block;\r\n}\r\n}\r\n@media screen and (min-width: 769px) and (max-width: 992px) {\r\n.mqpdr69f2c7243365e {\r\ndisplay: block;\r\n}\r\n}\r\n@media screen and (min-width: 768px) and (max-width: 768px) {\r\n.mqpdr69f2c7243365e {\r\ndisplay: block;\r\n}\r\n}\r\n@media screen and (max-width: 767px) {\r\n.mqpdr69f2c7243365e {\r\ndisplay: block;\r\n}\r\n}\r\n<\/style>\r\n<div class=\"wnpco69f2c724335dc\" ><!-- Social Media -->\n<!--HubSpot Call-to-Action Code --><span class=\"hs-cta-wrapper\" id=\"hs-cta-wrapper-387c3571-1376-4b17-bb02-3ee7c0d54013\"><span class=\"hs-cta-node hs-cta-387c3571-1376-4b17-bb02-3ee7c0d54013\" id=\"hs-cta-387c3571-1376-4b17-bb02-3ee7c0d54013\"><!--[if lte IE 8]><div id=\"hs-cta-ie-element\"><\/div><![endif]--><a href=\"https:\/\/hubspot-cta-redirect-eu1-prod.s3.amazonaws.com\/cta\/redirect\/25646044\/387c3571-1376-4b17-bb02-3ee7c0d54013\" target=\"_blank\" rel=\"noopener\"><img class=\"hs-cta-img colorbox-3869 lazyload\" id=\"hs-cta-img-387c3571-1376-4b17-bb02-3ee7c0d54013\" style=\"border-width:0px;\" data-src=\"https:\/\/hubspot-no-cache-eu1-prod.s3.amazonaws.com\/cta\/default\/25646044\/387c3571-1376-4b17-bb02-3ee7c0d54013.png\"  alt=\"Nowe wezwanie do dzia\u0142ania\" src=\"data:image\/svg+xml;base64,PHN2ZyB3aWR0aD0iMSIgaGVpZ2h0PSIxIiB4bWxucz0iaHR0cDovL3d3dy53My5vcmcvMjAwMC9zdmciPjwvc3ZnPg==\" \/><\/a><\/span><script charset=\"utf-8\" src=\"https:\/\/js-eu1.hscta.net\/cta\/current.js\"><\/script><script type=\"text\/javascript\"> hbspt.cta.load(25646044, '387c3571-1376-4b17-bb02-3ee7c0d54013', {\"useNewLoader\":\"true\",\"region\":\"eu1\"}); <\/script><\/span><!-- end HubSpot Call-to-Action Code -->\n<\/div><style type=\"text\/css\">\r\n@media screen and (min-width: 1201px) {\r\n.wnpco69f2c724335dc {\r\ndisplay: block;\r\n}\r\n}\r\n@media screen and (min-width: 993px) and (max-width: 1200px) {\r\n.wnpco69f2c724335dc {\r\ndisplay: block;\r\n}\r\n}\r\n@media screen and (min-width: 769px) and (max-width: 992px) {\r\n.wnpco69f2c724335dc {\r\ndisplay: block;\r\n}\r\n}\r\n@media screen and (min-width: 768px) and (max-width: 768px) {\r\n.wnpco69f2c724335dc {\r\ndisplay: block;\r\n}\r\n}\r\n@media screen and (max-width: 767px) {\r\n.wnpco69f2c724335dc {\r\ndisplay: block;\r\n}\r\n}\r\n<\/style>\r\n<div class=\"htyfm69f2c7243351a\" ><!-- Copywriting -->\n<!--HubSpot Call-to-Action Code --><span class=\"hs-cta-wrapper\" id=\"hs-cta-wrapper-0d4fb5f3-b88d-4456-a7be-207e7a27d1d8\"><span class=\"hs-cta-node hs-cta-0d4fb5f3-b88d-4456-a7be-207e7a27d1d8\" id=\"hs-cta-0d4fb5f3-b88d-4456-a7be-207e7a27d1d8\"><!--[if lte IE 8]><div id=\"hs-cta-ie-element\"><\/div><![endif]--><a href=\"https:\/\/hubspot-cta-redirect-eu1-prod.s3.amazonaws.com\/cta\/redirect\/25646044\/0d4fb5f3-b88d-4456-a7be-207e7a27d1d8\" target=\"_blank\" rel=\"noopener, nofollow\"><img class=\"hs-cta-img colorbox-3869 lazyload\" id=\"hs-cta-img-0d4fb5f3-b88d-4456-a7be-207e7a27d1d8\" style=\"border-width:0px;\" data-src=\"https:\/\/hubspot-no-cache-eu1-prod.s3.amazonaws.com\/cta\/default\/25646044\/0d4fb5f3-b88d-4456-a7be-207e7a27d1d8.png\"  alt=\"e-book Jak tworzy\u0107 tre\u015bci, kt\u00f3re przyci\u0105gn\u0105 Twoich klient\u00f3w\" src=\"data:image\/svg+xml;base64,PHN2ZyB3aWR0aD0iMSIgaGVpZ2h0PSIxIiB4bWxucz0iaHR0cDovL3d3dy53My5vcmcvMjAwMC9zdmciPjwvc3ZnPg==\" \/><\/a><\/span><script charset=\"utf-8\" src=\"https:\/\/js-eu1.hscta.net\/cta\/current.js\"><\/script><script type=\"text\/javascript\"> hbspt.cta.load(25646044, '0d4fb5f3-b88d-4456-a7be-207e7a27d1d8', {\"useNewLoader\":\"true\",\"region\":\"eu1\"}); <\/script><\/span><!-- end HubSpot Call-to-Action Code -->\n<\/div><style type=\"text\/css\">\r\n@media screen and (min-width: 1201px) {\r\n.htyfm69f2c7243351a {\r\ndisplay: block;\r\n}\r\n}\r\n@media screen and (min-width: 993px) and (max-width: 1200px) {\r\n.htyfm69f2c7243351a {\r\ndisplay: block;\r\n}\r\n}\r\n@media screen and (min-width: 769px) and (max-width: 992px) {\r\n.htyfm69f2c7243351a {\r\ndisplay: block;\r\n}\r\n}\r\n@media screen and (min-width: 768px) and (max-width: 768px) {\r\n.htyfm69f2c7243351a {\r\ndisplay: block;\r\n}\r\n}\r\n@media screen and (max-width: 767px) {\r\n.htyfm69f2c7243351a {\r\ndisplay: block;\r\n}\r\n}\r\n<\/style>\r\n<div class=\"ubpad69f2c7243127f\" ><!-- SEO1 -->\n<!--HubSpot Call-to-Action Code --><span class=\"hs-cta-wrapper\" id=\"hs-cta-wrapper-2e440e3a-91d6-4b6d-8268-289ea3a8329b\"><span class=\"hs-cta-node hs-cta-2e440e3a-91d6-4b6d-8268-289ea3a8329b\" id=\"hs-cta-2e440e3a-91d6-4b6d-8268-289ea3a8329b\"><!--[if lte IE 8]><div id=\"hs-cta-ie-element\"><\/div><![endif]--><a href=\"https:\/\/hubspot-cta-redirect-eu1-prod.s3.amazonaws.com\/cta\/redirect\/25646044\/2e440e3a-91d6-4b6d-8268-289ea3a8329b\" target=\"_blank\" rel=\"noopener\"><img class=\"hs-cta-img colorbox-3869 lazyload\" id=\"hs-cta-img-2e440e3a-91d6-4b6d-8268-289ea3a8329b\" style=\"border-width:0px;\" data-src=\"https:\/\/hubspot-no-cache-eu1-prod.s3.amazonaws.com\/cta\/default\/25646044\/2e440e3a-91d6-4b6d-8268-289ea3a8329b.png\"  alt=\"e-book SEO lokalne od A do Z\" src=\"data:image\/svg+xml;base64,PHN2ZyB3aWR0aD0iMSIgaGVpZ2h0PSIxIiB4bWxucz0iaHR0cDovL3d3dy53My5vcmcvMjAwMC9zdmciPjwvc3ZnPg==\" \/><\/a><\/span><script charset=\"utf-8\" src=\"https:\/\/js-eu1.hscta.net\/cta\/current.js\"><\/script><script type=\"text\/javascript\"> hbspt.cta.load(25646044, '2e440e3a-91d6-4b6d-8268-289ea3a8329b', {\"useNewLoader\":\"true\",\"region\":\"eu1\"}); <\/script><\/span><!-- end HubSpot Call-to-Action Code -->\n<\/div><style type=\"text\/css\">\r\n@media screen and (min-width: 1201px) {\r\n.ubpad69f2c7243127f {\r\ndisplay: block;\r\n}\r\n}\r\n@media screen and (min-width: 993px) and (max-width: 1200px) {\r\n.ubpad69f2c7243127f {\r\ndisplay: block;\r\n}\r\n}\r\n@media screen and (min-width: 769px) and (max-width: 992px) {\r\n.ubpad69f2c7243127f {\r\ndisplay: block;\r\n}\r\n}\r\n@media screen and (min-width: 768px) and (max-width: 768px) {\r\n.ubpad69f2c7243127f {\r\ndisplay: block;\r\n}\r\n}\r\n@media screen and (max-width: 767px) {\r\n.ubpad69f2c7243127f {\r\ndisplay: block;\r\n}\r\n}\r\n<\/style>\r\n<div class=\"tpnyj69f2c724311f4\" ><!-- SEM -->\n<!--HubSpot Call-to-Action Code --><span class=\"hs-cta-wrapper\" id=\"hs-cta-wrapper-f76cfdbf-3591-4dda-828b-092125eedb42\"><span class=\"hs-cta-node hs-cta-f76cfdbf-3591-4dda-828b-092125eedb42\" id=\"hs-cta-f76cfdbf-3591-4dda-828b-092125eedb42\"><!--[if lte IE 8]><div id=\"hs-cta-ie-element\"><\/div><![endif]--><a href=\"https:\/\/hubspot-cta-redirect-eu1-prod.s3.amazonaws.com\/cta\/redirect\/25646044\/f76cfdbf-3591-4dda-828b-092125eedb42\" target=\"_blank\" rel=\"noopener\"><img class=\"hs-cta-img colorbox-3869 lazyload\" id=\"hs-cta-img-f76cfdbf-3591-4dda-828b-092125eedb42\" style=\"border-width:0px;\" data-src=\"https:\/\/hubspot-no-cache-eu1-prod.s3.amazonaws.com\/cta\/default\/25646044\/f76cfdbf-3591-4dda-828b-092125eedb42.png\"  alt=\"e-book Jak promowa\u0107 firm\u0119 na lokalnym rynku\" src=\"data:image\/svg+xml;base64,PHN2ZyB3aWR0aD0iMSIgaGVpZ2h0PSIxIiB4bWxucz0iaHR0cDovL3d3dy53My5vcmcvMjAwMC9zdmciPjwvc3ZnPg==\" \/><\/a><\/span><script charset=\"utf-8\" src=\"https:\/\/js-eu1.hscta.net\/cta\/current.js\"><\/script><script type=\"text\/javascript\"> hbspt.cta.load(25646044, 'f76cfdbf-3591-4dda-828b-092125eedb42', {\"useNewLoader\":\"true\",\"region\":\"eu1\"}); <\/script><\/span><!-- end HubSpot Call-to-Action Code -->\n<\/div><style type=\"text\/css\">\r\n@media screen and (min-width: 1201px) {\r\n.tpnyj69f2c724311f4 {\r\ndisplay: block;\r\n}\r\n}\r\n@media screen and (min-width: 993px) and (max-width: 1200px) {\r\n.tpnyj69f2c724311f4 {\r\ndisplay: block;\r\n}\r\n}\r\n@media screen and (min-width: 769px) and (max-width: 992px) {\r\n.tpnyj69f2c724311f4 {\r\ndisplay: block;\r\n}\r\n}\r\n@media screen and (min-width: 768px) and (max-width: 768px) {\r\n.tpnyj69f2c724311f4 {\r\ndisplay: block;\r\n}\r\n}\r\n@media screen and (max-width: 767px) {\r\n.tpnyj69f2c724311f4 {\r\ndisplay: block;\r\n}\r\n}\r\n<\/style>\r\n<div class=\"gbgem69f2c7243115c\" ><div style=\"margin: 20px 0px;\">\n                <!--HubSpot Call-to-Action Code --><span class=\"hs-cta-wrapper\" id=\"hs-cta-wrapper-d24c93bc-7b60-4339-bff4-106b7c262800\"><span class=\"hs-cta-node hs-cta-d24c93bc-7b60-4339-bff4-106b7c262800\" id=\"hs-cta-d24c93bc-7b60-4339-bff4-106b7c262800\"><!--[if lte IE 8]><div id=\"hs-cta-ie-element\"><\/div><![endif]--><a href=\"https:\/\/hubspot-cta-redirect-eu1-prod.s3.amazonaws.com\/cta\/redirect\/25646044\/d24c93bc-7b60-4339-bff4-106b7c262800\" target=\"_blank\" rel=\"noopener\"><img class=\"hs-cta-img colorbox-3869 lazyload\" id=\"hs-cta-img-d24c93bc-7b60-4339-bff4-106b7c262800\" style=\"border-width:0px;\" data-src=\"https:\/\/hubspot-no-cache-eu1-prod.s3.amazonaws.com\/cta\/default\/25646044\/d24c93bc-7b60-4339-bff4-106b7c262800.png\"  alt=\"jak za\u0142o\u017cy\u0107 sklep internetowy - pobierz e-booka \" src=\"data:image\/svg+xml;base64,PHN2ZyB3aWR0aD0iMSIgaGVpZ2h0PSIxIiB4bWxucz0iaHR0cDovL3d3dy53My5vcmcvMjAwMC9zdmciPjwvc3ZnPg==\" \/><\/a><\/span><script charset=\"utf-8\" src=\"https:\/\/js-eu1.hscta.net\/cta\/current.js\"><\/script><script type=\"text\/javascript\"> hbspt.cta.load(25646044, 'd24c93bc-7b60-4339-bff4-106b7c262800', {\"useNewLoader\":\"true\",\"region\":\"eu1\"}); <\/script><\/span><!-- end HubSpot Call-to-Action Code -->\n            <\/div><\/div><style type=\"text\/css\">\r\n@media screen and (min-width: 1201px) {\r\n.gbgem69f2c7243115c {\r\ndisplay: block;\r\n}\r\n}\r\n@media screen and (min-width: 993px) and (max-width: 1200px) {\r\n.gbgem69f2c7243115c {\r\ndisplay: block;\r\n}\r\n}\r\n@media screen and (min-width: 769px) and (max-width: 992px) {\r\n.gbgem69f2c7243115c {\r\ndisplay: block;\r\n}\r\n}\r\n@media screen and (min-width: 768px) and (max-width: 768px) {\r\n.gbgem69f2c7243115c {\r\ndisplay: block;\r\n}\r\n}\r\n@media screen and (max-width: 767px) {\r\n.gbgem69f2c7243115c {\r\ndisplay: block;\r\n}\r\n}\r\n<\/style>\r\n\n\n\n<div class=\"kk-star-ratings kksr-auto kksr-align-left kksr-valign-bottom\"\n    data-payload='{&quot;align&quot;:&quot;left&quot;,&quot;id&quot;:&quot;3869&quot;,&quot;slug&quot;:&quot;default&quot;,&quot;valign&quot;:&quot;bottom&quot;,&quot;ignore&quot;:&quot;&quot;,&quot;reference&quot;:&quot;auto&quot;,&quot;class&quot;:&quot;&quot;,&quot;count&quot;:&quot;3&quot;,&quot;legendonly&quot;:&quot;&quot;,&quot;readonly&quot;:&quot;&quot;,&quot;score&quot;:&quot;3.7&quot;,&quot;starsonly&quot;:&quot;&quot;,&quot;best&quot;:&quot;5&quot;,&quot;gap&quot;:&quot;5&quot;,&quot;greet&quot;:&quot;Rate this post&quot;,&quot;legend&quot;:&quot;3.7\\\/5 - (3 ocena)&quot;,&quot;size&quot;:&quot;22&quot;,&quot;title&quot;:&quot;Odznaczenie Lider w\u015br\u00f3d fan\u00f3w na Facebooku ma ju\u017c rok! Przypominamy, czym jest to wyr\u00f3\u017cnienie&quot;,&quot;width&quot;:&quot;97.4&quot;,&quot;_legend&quot;:&quot;{score}\\\/{best} - ({count} ocena)&quot;,&quot;font_factor&quot;:&quot;1.25&quot;}'>\n            \n<div class=\"kksr-stars\">\n    \n<div class=\"kksr-stars-inactive\">\n            <div class=\"kksr-star\" data-star=\"1\" style=\"padding-right: 5px\">\n            \n\n<div class=\"kksr-icon\" style=\"width: 22px; height: 22px;\"><\/div>\n        <\/div>\n            <div class=\"kksr-star\" data-star=\"2\" style=\"padding-right: 5px\">\n            \n\n<div class=\"kksr-icon\" style=\"width: 22px; height: 22px;\"><\/div>\n        <\/div>\n            <div class=\"kksr-star\" data-star=\"3\" style=\"padding-right: 5px\">\n            \n\n<div class=\"kksr-icon\" style=\"width: 22px; height: 22px;\"><\/div>\n        <\/div>\n            <div class=\"kksr-star\" data-star=\"4\" style=\"padding-right: 5px\">\n            \n\n<div class=\"kksr-icon\" style=\"width: 22px; height: 22px;\"><\/div>\n        <\/div>\n            <div class=\"kksr-star\" data-star=\"5\" style=\"padding-right: 5px\">\n            \n\n<div class=\"kksr-icon\" style=\"width: 22px; height: 22px;\"><\/div>\n        <\/div>\n    <\/div>\n    \n<div class=\"kksr-stars-active\" style=\"width: 97.4px;\">\n            <div class=\"kksr-star\" style=\"padding-right: 5px\">\n            \n\n<div class=\"kksr-icon\" style=\"width: 22px; height: 22px;\"><\/div>\n        <\/div>\n            <div class=\"kksr-star\" style=\"padding-right: 5px\">\n            \n\n<div class=\"kksr-icon\" style=\"width: 22px; height: 22px;\"><\/div>\n        <\/div>\n            <div class=\"kksr-star\" style=\"padding-right: 5px\">\n            \n\n<div class=\"kksr-icon\" style=\"width: 22px; height: 22px;\"><\/div>\n        <\/div>\n            <div class=\"kksr-star\" style=\"padding-right: 5px\">\n            \n\n<div class=\"kksr-icon\" style=\"width: 22px; height: 22px;\"><\/div>\n        <\/div>\n            <div class=\"kksr-star\" style=\"padding-right: 5px\">\n            \n\n<div class=\"kksr-icon\" style=\"width: 22px; height: 22px;\"><\/div>\n        <\/div>\n    <\/div>\n<\/div>\n                \n\n<div class=\"kksr-legend\" style=\"font-size: 17.6px;\">\n            3.7\/5 - (3 ocena)    <\/div>\n    <\/div>\n","protected":false},"excerpt":{"rendered":"<p>Jaki\u015b czas temu pisali\u015bmy, \u017ce Facebook gratyfikuje zaanga\u017cowanie u\u017cytkownik\u00f3w na fanpage\u2019u, przyznaj\u0105c im odznak\u0119 \u201eLider w\u015br\u00f3d fan\u00f3w\u201d. To tajemnicze odznaczenie, wcze\u015bniej w postaci gwiazdki w kole, obecnie \u2013 diamentu, pojawi\u0142o si\u0119 na Facebooku ju\u017c do\u015b\u0107 dawno, bo w maju 2018 roku. Temat jednak nie cichnie, a wr\u0119cz liczba zapyta\u0144 w wyszukiwarce stale ro\u015bnie. Dla tych, [&hellip;]<\/p>\n","protected":false},"author":101028,"featured_media":3878,"comment_status":"open","ping_status":"closed","sticky":false,"template":"","format":"standard","meta":{"_acf_changed":false,"_jetpack_newsletter_access":"","_jetpack_dont_email_post_to_subs":false,"_jetpack_newsletter_tier_id":0,"_jetpack_memberships_contains_paywalled_content":false,"_jetpack_memberships_contains_paid_content":false,"footnotes":""},"categories":[19],"tags":[75,123,238,236,211,125,241,237],"class_list":["post-3869","post","type-post","status-publish","format-standard","has-post-thumbnail","hentry","category-social-media","tag-facebook","tag-fanpage","tag-lider-wsrod-fanow","tag-odznaki","tag-smm","tag-social-media","tag-social-media-marketing","tag-zarzadzanie-odznakami"],"acf":[],"yoast_head":"<!-- This site is optimized with the Yoast SEO plugin v27.3 - https:\/\/yoast.com\/product\/yoast-seo-wordpress\/ -->\n<title>Odznaczenie Lider w\u015br\u00f3d fan\u00f3w na Facebooku ma ju\u017c rok! Przypominamy, czym jest to wyr\u00f3\u017cnienie - WeNet<\/title>\n<meta name=\"description\" content=\"Jaki\u015b czas temu pisali\u015bmy, \u017ce Facebook gratyfikuje zaanga\u017cowanie u\u017cytkownik\u00f3w na fanpage\u2019u, przyznaj\u0105c im odznak\u0119 \u201eLider w\u015br\u00f3d fan\u00f3w\u201d. To tajemnicze odznaczenie, wcze\u015bniej w postaci gwiazdki w kole, obecnie \u2013 diamentu, pojawi\u0142o si\u0119 na Facebooku ju\u017c do\u015b\u0107 dawno, bo w maju 2018 roku.\" \/>\n<meta name=\"robots\" content=\"index, follow, max-snippet:-1, max-image-preview:large, max-video-preview:-1\" \/>\n<link rel=\"canonical\" href=\"https:\/\/wenet.pl\/blog\/odznaczenie-lider-wsrod-fanow-na-facebooku-ma-juz-rok-przypominamy-czym-jest-to-wyroznienie\/\" \/>\n<meta property=\"og:locale\" content=\"pl_PL\" \/>\n<meta property=\"og:type\" content=\"article\" \/>\n<meta property=\"og:title\" content=\"Odznaczenie Lider w\u015br\u00f3d fan\u00f3w na Facebooku ma ju\u017c rok! Przypominamy, czym jest to wyr\u00f3\u017cnienie\" \/>\n<meta property=\"og:description\" content=\"Jaki\u015b czas temu pisali\u015bmy, \u017ce Facebook gratyfikuje zaanga\u017cowanie u\u017cytkownik\u00f3w na fanpage\u2019u, przyznaj\u0105c im odznak\u0119 \u201eLider w\u015br\u00f3d fan\u00f3w\u201d. To tajemnicze odznaczenie, wcze\u015bniej w postaci gwiazdki w kole, obecnie \u2013 diamentu, pojawi\u0142o si\u0119 na Facebooku ju\u017c do\u015b\u0107 dawno, bo w maju 2018 roku. Temat jednak nie cichnie, a wr\u0119cz liczba zapyta\u0144 w wyszukiwarce stale ro\u015bnie. Dla tych, kt\u00f3rzy nadal nie do ko\u0144ca rozumiej\u0105, czym jest, sk\u0105d si\u0119 wzi\u0119\u0142o i czy mo\u017cna z niego zrezygnowa\u0107, mamy kilka s\u0142\u00f3w przypomnienia.\" \/>\n<meta property=\"og:url\" content=\"https:\/\/wenet.pl\/blog\/odznaczenie-lider-wsrod-fanow-na-facebooku-ma-juz-rok-przypominamy-czym-jest-to-wyroznienie\/\" \/>\n<meta property=\"og:site_name\" content=\"WeNet\" \/>\n<meta property=\"article:publisher\" content=\"https:\/\/www.facebook.com\/WeNet.Group\/\" \/>\n<meta property=\"article:published_time\" content=\"2019-07-17T07:57:47+00:00\" \/>\n<meta property=\"article:modified_time\" content=\"2023-09-04T21:04:08+00:00\" \/>\n<meta property=\"og:image\" content=\"https:\/\/prodblog.wenet.pl\/blog\/wp-content\/uploads\/2019\/07\/Odznaczenie_Lider_wsrod_fanow_na_Facebooku_ma_juz__rok.jpg\" \/>\n<meta name=\"author\" content=\"Karolina Zem\u0142a\" \/>\n<meta name=\"twitter:card\" content=\"summary_large_image\" \/>\n<meta name=\"twitter:title\" content=\"Odznaczenie Lider w\u015br\u00f3d fan\u00f3w na Facebooku ma ju\u017c rok! Przypominamy, czym jest to wyr\u00f3\u017cnienie\" \/>\n<meta name=\"twitter:description\" content=\"Jaki\u015b czas temu pisali\u015bmy, \u017ce Facebook gratyfikuje zaanga\u017cowanie u\u017cytkownik\u00f3w na fanpage\u2019u, przyznaj\u0105c im odznak\u0119 \u201eLider w\u015br\u00f3d fan\u00f3w\u201d. To tajemnicze odznaczenie, wcze\u015bniej w postaci gwiazdki w kole, obecnie \u2013 diamentu, pojawi\u0142o si\u0119 na Facebooku ju\u017c do\u015b\u0107 dawno, bo w maju 2018 roku. Temat jednak nie cichnie, a wr\u0119cz liczba zapyta\u0144 w wyszukiwarce stale ro\u015bnie. Dla tych, kt\u00f3rzy nadal nie do ko\u0144ca rozumiej\u0105, czym jest, sk\u0105d si\u0119 wzi\u0119\u0142o i czy mo\u017cna z niego zrezygnowa\u0107, mamy kilka s\u0142\u00f3w przypomnienia.\" \/>\n<meta name=\"twitter:image\" content=\"https:\/\/prodblog.wenet.pl\/blog\/wp-content\/uploads\/2019\/07\/Odznaczenie_Lider_wsrod_fanow_na_Facebooku_ma_juz__rok.jpg\" \/>\n<meta name=\"twitter:label1\" content=\"Napisane przez\" \/>\n\t<meta name=\"twitter:data1\" content=\"Karolina Zem\u0142a\" \/>\n\t<meta name=\"twitter:label2\" content=\"Szacowany czas czytania\" \/>\n\t<meta name=\"twitter:data2\" content=\"3 minuty\" \/>\n<!-- \/ Yoast SEO plugin. -->","yoast_head_json":{"title":"Odznaczenie Lider w\u015br\u00f3d fan\u00f3w na Facebooku ma ju\u017c rok! Przypominamy, czym jest to wyr\u00f3\u017cnienie - WeNet","description":"Jaki\u015b czas temu pisali\u015bmy, \u017ce Facebook gratyfikuje zaanga\u017cowanie u\u017cytkownik\u00f3w na fanpage\u2019u, przyznaj\u0105c im odznak\u0119 \u201eLider w\u015br\u00f3d fan\u00f3w\u201d. To tajemnicze odznaczenie, wcze\u015bniej w postaci gwiazdki w kole, obecnie \u2013 diamentu, pojawi\u0142o si\u0119 na Facebooku ju\u017c do\u015b\u0107 dawno, bo w maju 2018 roku.","robots":{"index":"index","follow":"follow","max-snippet":"max-snippet:-1","max-image-preview":"max-image-preview:large","max-video-preview":"max-video-preview:-1"},"canonical":"https:\/\/wenet.pl\/blog\/odznaczenie-lider-wsrod-fanow-na-facebooku-ma-juz-rok-przypominamy-czym-jest-to-wyroznienie\/","og_locale":"pl_PL","og_type":"article","og_title":"Odznaczenie Lider w\u015br\u00f3d fan\u00f3w na Facebooku ma ju\u017c rok! Przypominamy, czym jest to wyr\u00f3\u017cnienie","og_description":"Jaki\u015b czas temu pisali\u015bmy, \u017ce Facebook gratyfikuje zaanga\u017cowanie u\u017cytkownik\u00f3w na fanpage\u2019u, przyznaj\u0105c im odznak\u0119 \u201eLider w\u015br\u00f3d fan\u00f3w\u201d. To tajemnicze odznaczenie, wcze\u015bniej w postaci gwiazdki w kole, obecnie \u2013 diamentu, pojawi\u0142o si\u0119 na Facebooku ju\u017c do\u015b\u0107 dawno, bo w maju 2018 roku. Temat jednak nie cichnie, a wr\u0119cz liczba zapyta\u0144 w wyszukiwarce stale ro\u015bnie. Dla tych, kt\u00f3rzy nadal nie do ko\u0144ca rozumiej\u0105, czym jest, sk\u0105d si\u0119 wzi\u0119\u0142o i czy mo\u017cna z niego zrezygnowa\u0107, mamy kilka s\u0142\u00f3w przypomnienia.","og_url":"https:\/\/wenet.pl\/blog\/odznaczenie-lider-wsrod-fanow-na-facebooku-ma-juz-rok-przypominamy-czym-jest-to-wyroznienie\/","og_site_name":"WeNet","article_publisher":"https:\/\/www.facebook.com\/WeNet.Group\/","article_published_time":"2019-07-17T07:57:47+00:00","article_modified_time":"2023-09-04T21:04:08+00:00","og_image":[{"url":"https:\/\/prodblog.wenet.pl\/blog\/wp-content\/uploads\/2019\/07\/Odznaczenie_Lider_wsrod_fanow_na_Facebooku_ma_juz__rok.jpg","type":"","width":"","height":""}],"author":"Karolina Zem\u0142a","twitter_card":"summary_large_image","twitter_title":"Odznaczenie Lider w\u015br\u00f3d fan\u00f3w na Facebooku ma ju\u017c rok! Przypominamy, czym jest to wyr\u00f3\u017cnienie","twitter_description":"Jaki\u015b czas temu pisali\u015bmy, \u017ce Facebook gratyfikuje zaanga\u017cowanie u\u017cytkownik\u00f3w na fanpage\u2019u, przyznaj\u0105c im odznak\u0119 \u201eLider w\u015br\u00f3d fan\u00f3w\u201d. To tajemnicze odznaczenie, wcze\u015bniej w postaci gwiazdki w kole, obecnie \u2013 diamentu, pojawi\u0142o si\u0119 na Facebooku ju\u017c do\u015b\u0107 dawno, bo w maju 2018 roku. Temat jednak nie cichnie, a wr\u0119cz liczba zapyta\u0144 w wyszukiwarce stale ro\u015bnie. Dla tych, kt\u00f3rzy nadal nie do ko\u0144ca rozumiej\u0105, czym jest, sk\u0105d si\u0119 wzi\u0119\u0142o i czy mo\u017cna z niego zrezygnowa\u0107, mamy kilka s\u0142\u00f3w przypomnienia.","twitter_image":"https:\/\/prodblog.wenet.pl\/blog\/wp-content\/uploads\/2019\/07\/Odznaczenie_Lider_wsrod_fanow_na_Facebooku_ma_juz__rok.jpg","twitter_misc":{"Napisane przez":"Karolina Zem\u0142a","Szacowany czas czytania":"3 minuty"},"schema":{"@context":"https:\/\/schema.org","@graph":[{"@type":"Article","@id":"https:\/\/wenet.pl\/blog\/odznaczenie-lider-wsrod-fanow-na-facebooku-ma-juz-rok-przypominamy-czym-jest-to-wyroznienie\/#article","isPartOf":{"@id":"https:\/\/wenet.pl\/blog\/odznaczenie-lider-wsrod-fanow-na-facebooku-ma-juz-rok-przypominamy-czym-jest-to-wyroznienie\/"},"author":{"name":"Karolina Zem\u0142a","@id":"https:\/\/wenet.pl\/blog\/#\/schema\/person\/510dae286f71a2bc6211816f3225dcec"},"headline":"Odznaczenie Lider w\u015br\u00f3d fan\u00f3w na Facebooku ma ju\u017c rok! Przypominamy, czym jest to wyr\u00f3\u017cnienie","datePublished":"2019-07-17T07:57:47+00:00","dateModified":"2023-09-04T21:04:08+00:00","mainEntityOfPage":{"@id":"https:\/\/wenet.pl\/blog\/odznaczenie-lider-wsrod-fanow-na-facebooku-ma-juz-rok-przypominamy-czym-jest-to-wyroznienie\/"},"wordCount":408,"commentCount":0,"publisher":{"@id":"https:\/\/wenet.pl\/blog\/#organization"},"image":{"@id":"https:\/\/wenet.pl\/blog\/odznaczenie-lider-wsrod-fanow-na-facebooku-ma-juz-rok-przypominamy-czym-jest-to-wyroznienie\/#primaryimage"},"thumbnailUrl":"https:\/\/wenet.pl\/blog\/wp-content\/uploads\/2019\/07\/Odznaczenie_Lider_wsrod_fanow_na_Facebooku_ma_juz__rok.jpg","keywords":["facebook","fanpage","lider w\u015br\u00f3d fan\u00f3w","odznaki na facebooku","SMM","Social Media","social media marketing","zarz\u0105dzanie odznakami"],"articleSection":["Social Media"],"inLanguage":"pl-PL","potentialAction":[{"@type":"CommentAction","name":"Comment","target":["https:\/\/wenet.pl\/blog\/odznaczenie-lider-wsrod-fanow-na-facebooku-ma-juz-rok-przypominamy-czym-jest-to-wyroznienie\/#respond"]}]},{"@type":"WebPage","@id":"https:\/\/wenet.pl\/blog\/odznaczenie-lider-wsrod-fanow-na-facebooku-ma-juz-rok-przypominamy-czym-jest-to-wyroznienie\/","url":"https:\/\/wenet.pl\/blog\/odznaczenie-lider-wsrod-fanow-na-facebooku-ma-juz-rok-przypominamy-czym-jest-to-wyroznienie\/","name":"Odznaczenie Lider w\u015br\u00f3d fan\u00f3w na Facebooku ma ju\u017c rok! Przypominamy, czym jest to wyr\u00f3\u017cnienie","isPartOf":{"@id":"https:\/\/wenet.pl\/blog\/#website"},"primaryImageOfPage":{"@id":"https:\/\/wenet.pl\/blog\/odznaczenie-lider-wsrod-fanow-na-facebooku-ma-juz-rok-przypominamy-czym-jest-to-wyroznienie\/#primaryimage"},"image":{"@id":"https:\/\/wenet.pl\/blog\/odznaczenie-lider-wsrod-fanow-na-facebooku-ma-juz-rok-przypominamy-czym-jest-to-wyroznienie\/#primaryimage"},"thumbnailUrl":"https:\/\/wenet.pl\/blog\/wp-content\/uploads\/2019\/07\/Odznaczenie_Lider_wsrod_fanow_na_Facebooku_ma_juz__rok.jpg","datePublished":"2019-07-17T07:57:47+00:00","dateModified":"2023-09-04T21:04:08+00:00","description":"Jaki\u015b czas temu pisali\u015bmy, \u017ce Facebook gratyfikuje zaanga\u017cowanie u\u017cytkownik\u00f3w na fanpage\u2019u, przyznaj\u0105c im odznak\u0119 \u201eLider w\u015br\u00f3d fan\u00f3w\u201d. To tajemnicze odznaczenie, wcze\u015bniej w postaci gwiazdki w kole, obecnie \u2013 diamentu, pojawi\u0142o si\u0119 na Facebooku ju\u017c do\u015b\u0107 dawno, bo w maju 2018 roku.","breadcrumb":{"@id":"https:\/\/wenet.pl\/blog\/odznaczenie-lider-wsrod-fanow-na-facebooku-ma-juz-rok-przypominamy-czym-jest-to-wyroznienie\/#breadcrumb"},"inLanguage":"pl-PL","potentialAction":[{"@type":"ReadAction","target":["https:\/\/wenet.pl\/blog\/odznaczenie-lider-wsrod-fanow-na-facebooku-ma-juz-rok-przypominamy-czym-jest-to-wyroznienie\/"]}]},{"@type":"ImageObject","inLanguage":"pl-PL","@id":"https:\/\/wenet.pl\/blog\/odznaczenie-lider-wsrod-fanow-na-facebooku-ma-juz-rok-przypominamy-czym-jest-to-wyroznienie\/#primaryimage","url":"https:\/\/wenet.pl\/blog\/wp-content\/uploads\/2019\/07\/Odznaczenie_Lider_wsrod_fanow_na_Facebooku_ma_juz__rok.jpg","contentUrl":"https:\/\/wenet.pl\/blog\/wp-content\/uploads\/2019\/07\/Odznaczenie_Lider_wsrod_fanow_na_Facebooku_ma_juz__rok.jpg","width":4704,"height":3104,"caption":"Lider_wsrod_fanow_czym_jest_i_skad_sie_bierze"},{"@type":"BreadcrumbList","@id":"https:\/\/wenet.pl\/blog\/odznaczenie-lider-wsrod-fanow-na-facebooku-ma-juz-rok-przypominamy-czym-jest-to-wyroznienie\/#breadcrumb","itemListElement":[{"@type":"ListItem","position":1,"name":"Blog","item":"https:\/\/wenet.pl\/blog\/"},{"@type":"ListItem","position":2,"name":"Odznaczenie Lider w\u015br\u00f3d fan\u00f3w na Facebooku ma ju\u017c rok! Przypominamy, czym jest to wyr\u00f3\u017cnienie"}]},{"@type":"WebSite","@id":"https:\/\/wenet.pl\/blog\/#website","url":"https:\/\/wenet.pl\/blog\/","name":"WeNet","description":"","publisher":{"@id":"https:\/\/wenet.pl\/blog\/#organization"},"potentialAction":[{"@type":"SearchAction","target":{"@type":"EntryPoint","urlTemplate":"https:\/\/wenet.pl\/blog\/?s={search_term_string}"},"query-input":{"@type":"PropertyValueSpecification","valueRequired":true,"valueName":"search_term_string"}}],"inLanguage":"pl-PL"},{"@type":"Organization","@id":"https:\/\/wenet.pl\/blog\/#organization","name":"WeNet","url":"https:\/\/wenet.pl\/blog\/","logo":{"@type":"ImageObject","inLanguage":"pl-PL","@id":"https:\/\/wenet.pl\/blog\/#\/schema\/logo\/image\/","url":"https:\/\/wenet.pl\/blog\/wp-content\/uploads\/2021\/10\/logo-wenet-1.png","contentUrl":"https:\/\/wenet.pl\/blog\/wp-content\/uploads\/2021\/10\/logo-wenet-1.png","width":234,"height":56,"caption":"WeNet"},"image":{"@id":"https:\/\/wenet.pl\/blog\/#\/schema\/logo\/image\/"},"sameAs":["https:\/\/www.facebook.com\/WeNet.Group\/"]},{"@type":"Person","@id":"https:\/\/wenet.pl\/blog\/#\/schema\/person\/510dae286f71a2bc6211816f3225dcec","name":"Karolina Zem\u0142a","image":{"@type":"ImageObject","inLanguage":"pl-PL","@id":"https:\/\/wenet.pl\/blog\/wp-content\/uploads\/2023\/01\/20220809_DSC_4707_400x400-150x150.jpg","url":"https:\/\/wenet.pl\/blog\/wp-content\/uploads\/2023\/01\/20220809_DSC_4707_400x400-150x150.jpg","contentUrl":"https:\/\/wenet.pl\/blog\/wp-content\/uploads\/2023\/01\/20220809_DSC_4707_400x400-150x150.jpg","caption":"Karolina Zem\u0142a"},"description":"Od ponad dziesi\u0119ciu lat realizuje projekty w zakresie komunikacji wewn\u0119trznej w du\u017cej organizacji. Buduje mark\u0119 przyjaznego pracodawcy, anga\u017cuj\u0105c pracownik\u00f3w w \"\u017cycie\" firmy tak, by czuli si\u0119 jej wa\u017cn\u0105 cz\u0119\u015bci\u0105.","url":"https:\/\/wenet.pl\/blog\/author\/karolina-zemla\/"}]}},"jetpack_featured_media_url":"https:\/\/wenet.pl\/blog\/wp-content\/uploads\/2019\/07\/Odznaczenie_Lider_wsrod_fanow_na_Facebooku_ma_juz__rok.jpg","jetpack_shortlink":"https:\/\/wp.me\/p5muuP-10p","jetpack_sharing_enabled":true,"_links":{"self":[{"href":"https:\/\/wenet.pl\/blog\/wp-json\/wp\/v2\/posts\/3869","targetHints":{"allow":["GET"]}}],"collection":[{"href":"https:\/\/wenet.pl\/blog\/wp-json\/wp\/v2\/posts"}],"about":[{"href":"https:\/\/wenet.pl\/blog\/wp-json\/wp\/v2\/types\/post"}],"author":[{"embeddable":true,"href":"https:\/\/wenet.pl\/blog\/wp-json\/wp\/v2\/users\/101028"}],"replies":[{"embeddable":true,"href":"https:\/\/wenet.pl\/blog\/wp-json\/wp\/v2\/comments?post=3869"}],"version-history":[{"count":6,"href":"https:\/\/wenet.pl\/blog\/wp-json\/wp\/v2\/posts\/3869\/revisions"}],"predecessor-version":[{"id":7253,"href":"https:\/\/wenet.pl\/blog\/wp-json\/wp\/v2\/posts\/3869\/revisions\/7253"}],"wp:featuredmedia":[{"embeddable":true,"href":"https:\/\/wenet.pl\/blog\/wp-json\/wp\/v2\/media\/3878"}],"wp:attachment":[{"href":"https:\/\/wenet.pl\/blog\/wp-json\/wp\/v2\/media?parent=3869"}],"wp:term":[{"taxonomy":"category","embeddable":true,"href":"https:\/\/wenet.pl\/blog\/wp-json\/wp\/v2\/categories?post=3869"},{"taxonomy":"post_tag","embeddable":true,"href":"https:\/\/wenet.pl\/blog\/wp-json\/wp\/v2\/tags?post=3869"}],"curies":[{"name":"wp","href":"https:\/\/api.w.org\/{rel}","templated":true}]}}